{"id":12024,"date":"2023-10-11T16:54:04","date_gmt":"2023-10-11T14:54:04","guid":{"rendered":"https:\/\/eager-austin.188-34-163-140.plesk.page\/?p=12024"},"modified":"2023-10-11T16:54:04","modified_gmt":"2023-10-11T14:54:04","slug":"herbstsachen-ertasten","status":"publish","type":"post","link":"https:\/\/kitabluemli.ch\/en\/herbstsachen-ertasten\/","title":{"rendered":"Herbstsachen ertasten"},"content":{"rendered":"<p>Aufgeregt und neugierig versammelten sich die Kleinen auf dem Boden, als ich eine Kiste voller Herbstsch\u00e4tze pr\u00e4sentierte, die sie auf eine aufregende Reise in die Welt der Natur mitnahm.<\/p>\n<p>In der Kiste fanden die Kinder eine F\u00fclle von Herbstbl\u00e4ttern in verschiedenen Farben und Gr\u00f6ssen, dazu gesellten sich Zweige, Kastanien, Eicheln und weitere Sch\u00e4tze aus dem nahegelegenen Wald. Unsere kleinen Abenteurer konnten es kaum erwarten, die Sch\u00e4tze in die Hand zu nehmen und zu erkunden.<\/p>\n<p>Wir nutzten diese magische Gelegenheit, den Kindern mehr \u00fcber den Herbst beizubringen, warum die Bl\u00e4tter ihre Farben \u00e4ndern und wie die B\u00e4ume sich auf den Winter vorbereiten. Diese Erfahrung war nicht nur lehrreich, sondern auch ein wunderbarer Anlass, die nat\u00fcrliche Neugier unserer Kinder zu f\u00f6rdern.<\/p>","protected":false},"excerpt":{"rendered":"<p>Aufgeregt und neugierig versammelten sich die Kleinen auf dem Boden, als ich eine Kiste voller Herbstsch\u00e4tze pr\u00e4sentierte, die sie auf eine aufregende Reise in die Welt der Natur mitnahm. In der Kiste fanden die Kinder eine F\u00fclle von Herbstbl\u00e4ttern in verschiedenen Farben und Gr\u00f6ssen, dazu gesellten sich Zweige, Kastanien, Eicheln und weitere Sch\u00e4tze aus dem [&hellip;]<\/p>\n","protected":false},"author":2,"featured_media":12025,"comment_status":"closed","ping_status":"closed","sticky":false,"template":"","format":"standard","meta":{"footnotes":""},"categories":[519],"tags":[],"class_list":["post-12024","post","type-post","status-publish","format-standard","has-post-thumbnail","hentry","category-kinderkrippe-blog"],"_links":{"self":[{"href":"https:\/\/kitabluemli.ch\/en\/wp-json\/wp\/v2\/posts\/12024","targetHints":{"allow":["GET"]}}],"collection":[{"href":"https:\/\/kitabluemli.ch\/en\/wp-json\/wp\/v2\/posts"}],"about":[{"href":"https:\/\/kitabluemli.ch\/en\/wp-json\/wp\/v2\/types\/post"}],"author":[{"embeddable":true,"href":"https:\/\/kitabluemli.ch\/en\/wp-json\/wp\/v2\/users\/2"}],"replies":[{"embeddable":true,"href":"https:\/\/kitabluemli.ch\/en\/wp-json\/wp\/v2\/comments?post=12024"}],"version-history":[{"count":0,"href":"https:\/\/kitabluemli.ch\/en\/wp-json\/wp\/v2\/posts\/12024\/revisions"}],"wp:featuredmedia":[{"embeddable":true,"href":"https:\/\/kitabluemli.ch\/en\/wp-json\/wp\/v2\/media\/12025"}],"wp:attachment":[{"href":"https:\/\/kitabluemli.ch\/en\/wp-json\/wp\/v2\/media?parent=12024"}],"wp:term":[{"taxonomy":"category","embeddable":true,"href":"https:\/\/kitabluemli.ch\/en\/wp-json\/wp\/v2\/categories?post=12024"},{"taxonomy":"post_tag","embeddable":true,"href":"https:\/\/kitabluemli.ch\/en\/wp-json\/wp\/v2\/tags?post=12024"}],"curies":[{"name":"wp","href":"https:\/\/api.w.org\/{rel}","templated":true}]}}