{"id":12027,"date":"2023-10-14T10:00:30","date_gmt":"2023-10-14T08:00:30","guid":{"rendered":"https:\/\/eager-austin.188-34-163-140.plesk.page\/?p=12027"},"modified":"2023-10-14T10:00:30","modified_gmt":"2023-10-14T08:00:30","slug":"herbstfarben-erkennen","status":"publish","type":"post","link":"https:\/\/kitabluemli.ch\/en\/herbstfarben-erkennen\/","title":{"rendered":"Herbstfarben erkennen"},"content":{"rendered":"<p>Im Kreis sassen die Kinder aufmerksam und voller Neugier, w\u00e4hrend die Betreuerin mit leuchtenden Augen von den Wundern des Herbstes sprach. Inmitten des Gr\u00fcns des Rasens fielen meine Blicke auf eine beeindruckende Sammlung von Bl\u00e4ttern in den typischen Herbstfarben, die die Betreuerin behutsam auf der Wiese ausgebreitet hatte: Rott\u00f6ne, Oranget\u00f6ne, Gelbt\u00f6ne und Braunt\u00f6ne.<\/p>\n<p>Dieser Herbsttag in der Kinderkrippe Bl\u00fcemli bot den Kindern die M\u00f6glichkeit, die Farben des Herbstes zu erkunden und ihre Verbindung zur Natur zu vertiefen.<\/p>","protected":false},"excerpt":{"rendered":"<p>Im Kreis sassen die Kinder aufmerksam und voller Neugier, w\u00e4hrend die Betreuerin mit leuchtenden Augen von den Wundern des Herbstes sprach. Inmitten des Gr\u00fcns des Rasens fielen meine Blicke auf eine beeindruckende Sammlung von Bl\u00e4ttern in den typischen Herbstfarben, die die Betreuerin behutsam auf der Wiese ausgebreitet hatte: Rott\u00f6ne, Oranget\u00f6ne, Gelbt\u00f6ne und Braunt\u00f6ne. Dieser Herbsttag [&hellip;]<\/p>\n","protected":false},"author":2,"featured_media":12028,"comment_status":"closed","ping_status":"closed","sticky":false,"template":"","format":"standard","meta":{"footnotes":""},"categories":[520],"tags":[],"class_list":["post-12027","post","type-post","status-publish","format-standard","has-post-thumbnail","hentry","category-waldkinderkrippe-blog"],"_links":{"self":[{"href":"https:\/\/kitabluemli.ch\/en\/wp-json\/wp\/v2\/posts\/12027","targetHints":{"allow":["GET"]}}],"collection":[{"href":"https:\/\/kitabluemli.ch\/en\/wp-json\/wp\/v2\/posts"}],"about":[{"href":"https:\/\/kitabluemli.ch\/en\/wp-json\/wp\/v2\/types\/post"}],"author":[{"embeddable":true,"href":"https:\/\/kitabluemli.ch\/en\/wp-json\/wp\/v2\/users\/2"}],"replies":[{"embeddable":true,"href":"https:\/\/kitabluemli.ch\/en\/wp-json\/wp\/v2\/comments?post=12027"}],"version-history":[{"count":0,"href":"https:\/\/kitabluemli.ch\/en\/wp-json\/wp\/v2\/posts\/12027\/revisions"}],"wp:featuredmedia":[{"embeddable":true,"href":"https:\/\/kitabluemli.ch\/en\/wp-json\/wp\/v2\/media\/12028"}],"wp:attachment":[{"href":"https:\/\/kitabluemli.ch\/en\/wp-json\/wp\/v2\/media?parent=12027"}],"wp:term":[{"taxonomy":"category","embeddable":true,"href":"https:\/\/kitabluemli.ch\/en\/wp-json\/wp\/v2\/categories?post=12027"},{"taxonomy":"post_tag","embeddable":true,"href":"https:\/\/kitabluemli.ch\/en\/wp-json\/wp\/v2\/tags?post=12027"}],"curies":[{"name":"wp","href":"https:\/\/api.w.org\/{rel}","templated":true}]}}