{"id":12031,"date":"2023-10-17T20:00:27","date_gmt":"2023-10-17T18:00:27","guid":{"rendered":"https:\/\/eager-austin.188-34-163-140.plesk.page\/?p=12031"},"modified":"2025-01-07T14:56:20","modified_gmt":"2025-01-07T13:56:20","slug":"diverse-nationalitaeten","status":"publish","type":"post","link":"https:\/\/kitabluemli.ch\/en\/diverse-nationalitaeten\/","title":{"rendered":"Diverse Nationalita\u0308ten"},"content":{"rendered":"<p>Die Kinder sitzen in einem Kreis und richten ihre Aufmerksamkeit auf ein beeindruckendes Plakat, das ein Bild von jedem Kind zeigt, begleitet von den Flaggen ihrer jeweiligen Nationalit\u00e4ten.<\/p>\n<p>Die Kinder hatten die Gelegenheit, mehr \u00fcber ihre eigenen Wurzeln zu erfahren und die kulturelle Identit\u00e4t ihrer Mitkinder zu entdecken. Es entwickelte sich ein offener Dialog \u00fcber die Bedeutung von Vielfalt und Toleranz in unserer Welt. Die Betreuerinnen erkl\u00e4rten, dass unsere Unterschiede uns einzigartig machen und dass es wichtig ist, sie zu respektieren und zu sch\u00e4tzen.<\/p>\n<p>W\u00e4hrend die Kinder auf das Plakat zeigten und die Nationalit\u00e4ten ihrer Freunde benannten, entstand ein Gef\u00fchl der Verbundenheit und des gegenseitigen Respekts. Diese Erfahrung lehrte sie nicht nur die Vielfalt der Welt um sie herum kennen, sondern f\u00f6rderte auch ein tieferes Verst\u00e4ndnis f\u00fcr ihre eigenen Wurzeln.<\/p>","protected":false},"excerpt":{"rendered":"<p>Die Kinder sitzen in einem Kreis und richten ihre Aufmerksamkeit auf ein beeindruckendes Plakat, das ein Bild von jedem Kind zeigt, begleitet von den Flaggen ihrer jeweiligen Nationalit\u00e4ten. Die Kinder hatten die Gelegenheit, mehr \u00fcber ihre eigenen Wurzeln zu erfahren und die kulturelle Identit\u00e4t ihrer Mitkinder zu entdecken. Es entwickelte sich ein offener Dialog \u00fcber [&hellip;]<\/p>\n","protected":false},"author":2,"featured_media":12032,"comment_status":"closed","ping_status":"closed","sticky":false,"template":"","format":"standard","meta":{"footnotes":""},"categories":[519],"tags":[],"class_list":["post-12031","post","type-post","status-publish","format-standard","has-post-thumbnail","hentry","category-kinderkrippe-blog"],"_links":{"self":[{"href":"https:\/\/kitabluemli.ch\/en\/wp-json\/wp\/v2\/posts\/12031","targetHints":{"allow":["GET"]}}],"collection":[{"href":"https:\/\/kitabluemli.ch\/en\/wp-json\/wp\/v2\/posts"}],"about":[{"href":"https:\/\/kitabluemli.ch\/en\/wp-json\/wp\/v2\/types\/post"}],"author":[{"embeddable":true,"href":"https:\/\/kitabluemli.ch\/en\/wp-json\/wp\/v2\/users\/2"}],"replies":[{"embeddable":true,"href":"https:\/\/kitabluemli.ch\/en\/wp-json\/wp\/v2\/comments?post=12031"}],"version-history":[{"count":0,"href":"https:\/\/kitabluemli.ch\/en\/wp-json\/wp\/v2\/posts\/12031\/revisions"}],"wp:featuredmedia":[{"embeddable":true,"href":"https:\/\/kitabluemli.ch\/en\/wp-json\/wp\/v2\/media\/12032"}],"wp:attachment":[{"href":"https:\/\/kitabluemli.ch\/en\/wp-json\/wp\/v2\/media?parent=12031"}],"wp:term":[{"taxonomy":"category","embeddable":true,"href":"https:\/\/kitabluemli.ch\/en\/wp-json\/wp\/v2\/categories?post=12031"},{"taxonomy":"post_tag","embeddable":true,"href":"https:\/\/kitabluemli.ch\/en\/wp-json\/wp\/v2\/tags?post=12031"}],"curies":[{"name":"wp","href":"https:\/\/api.w.org\/{rel}","templated":true}]}}