{"id":12036,"date":"2023-10-20T12:00:50","date_gmt":"2023-10-20T10:00:50","guid":{"rendered":"https:\/\/eager-austin.188-34-163-140.plesk.page\/?p=12036"},"modified":"2023-10-20T12:00:50","modified_gmt":"2023-10-20T10:00:50","slug":"recycling-lernen","status":"publish","type":"post","link":"https:\/\/kitabluemli.ch\/en\/recycling-lernen\/","title":{"rendered":"Recycling lernen"},"content":{"rendered":"<p>Die Kinder versammelten sich an einem Recyclingort und nahmen aktiv an einer umweltfreundlichen Aktivit\u00e4t teil, indem sie PET-Flaschen und Dosen in spezielle Recyclingboxen warfen.<\/p>\n<p>Obwohl die Recyclingboxen undurchsichtig waren und die Kinder nicht sehen konnten, was sich im Inneren befand, hinderte sie das nicht daran, enthusiastisch bei der Sache zu sein. Jedes Kind hielt eine PET-Flasche oder eine Dose in der Hand und suchte sorgf\u00e4ltig die richtige Recyclingbox aus, um seinen Teil zum Umweltschutz beizutragen.<\/p>\n<p>Die Betreuerinnen begleiteten die Kinder bei diesem umweltfreundlichen Abenteuer und erkl\u00e4rten ihnen den Wert des Recyclings und die Bedeutung der M\u00fclltrennung. Die Kinder lernten spielerisch, wie Recycling dazu beitr\u00e4gt, Abf\u00e4lle zu reduzieren, Ressourcen zu schonen und die Umwelt zu sch\u00fctzen.<\/p>","protected":false},"excerpt":{"rendered":"<p>Die Kinder versammelten sich an einem Recyclingort und nahmen aktiv an einer umweltfreundlichen Aktivit\u00e4t teil, indem sie PET-Flaschen und Dosen in spezielle Recyclingboxen warfen. Obwohl die Recyclingboxen undurchsichtig waren und die Kinder nicht sehen konnten, was sich im Inneren befand, hinderte sie das nicht daran, enthusiastisch bei der Sache zu sein. Jedes Kind hielt eine [&hellip;]<\/p>\n","protected":false},"author":2,"featured_media":12037,"comment_status":"closed","ping_status":"closed","sticky":false,"template":"","format":"standard","meta":{"footnotes":""},"categories":[519],"tags":[],"class_list":["post-12036","post","type-post","status-publish","format-standard","has-post-thumbnail","hentry","category-kinderkrippe-blog"],"_links":{"self":[{"href":"https:\/\/kitabluemli.ch\/en\/wp-json\/wp\/v2\/posts\/12036","targetHints":{"allow":["GET"]}}],"collection":[{"href":"https:\/\/kitabluemli.ch\/en\/wp-json\/wp\/v2\/posts"}],"about":[{"href":"https:\/\/kitabluemli.ch\/en\/wp-json\/wp\/v2\/types\/post"}],"author":[{"embeddable":true,"href":"https:\/\/kitabluemli.ch\/en\/wp-json\/wp\/v2\/users\/2"}],"replies":[{"embeddable":true,"href":"https:\/\/kitabluemli.ch\/en\/wp-json\/wp\/v2\/comments?post=12036"}],"version-history":[{"count":0,"href":"https:\/\/kitabluemli.ch\/en\/wp-json\/wp\/v2\/posts\/12036\/revisions"}],"wp:featuredmedia":[{"embeddable":true,"href":"https:\/\/kitabluemli.ch\/en\/wp-json\/wp\/v2\/media\/12037"}],"wp:attachment":[{"href":"https:\/\/kitabluemli.ch\/en\/wp-json\/wp\/v2\/media?parent=12036"}],"wp:term":[{"taxonomy":"category","embeddable":true,"href":"https:\/\/kitabluemli.ch\/en\/wp-json\/wp\/v2\/categories?post=12036"},{"taxonomy":"post_tag","embeddable":true,"href":"https:\/\/kitabluemli.ch\/en\/wp-json\/wp\/v2\/tags?post=12036"}],"curies":[{"name":"wp","href":"https:\/\/api.w.org\/{rel}","templated":true}]}}