{"id":12047,"date":"2023-10-26T12:00:13","date_gmt":"2023-10-26T10:00:13","guid":{"rendered":"https:\/\/eager-austin.188-34-163-140.plesk.page\/?p=12047"},"modified":"2023-10-26T12:00:13","modified_gmt":"2023-10-26T10:00:13","slug":"morgenritual","status":"publish","type":"post","link":"https:\/\/kitabluemli.ch\/en\/morgenritual\/","title":{"rendered":"Morgenritual"},"content":{"rendered":"<p>Die Kinder sitzen morgens im Kreis und nehmen am Morgenritual teil, das nicht nur den Tagesablauf strukturiert, sondern auch eine starke Gemeinschaftsbindung f\u00f6rdert.<\/p>\n<p>Der Kreis symbolisiert Einheit und Zusammengeh\u00f6rigkeit. Hier versammeln sich die Kinder, um den Tag gemeinsam zu beginnen. Dieser Moment schafft eine warme und einladende Atmosph\u00e4re, die den Kindern das Gef\u00fchl von Geborgenheit und Gemeinschaft vermittelt.<\/p>\n<p>W\u00e4hrend des Morgenrituals wird gemeinsam gesungen und gesprochen. Die Kinder und Betreuerinnen nehmen sich Zeit, um sich auf den kommenden Tag vorzubereiten. Sie begr\u00fcssen die neuen Herausforderungen und die M\u00f6glichkeit, gemeinsam zu lernen und zu wachsen.<\/p>\n<p>Das Morgenritual f\u00f6rdert nicht nur den Teamgeist, sondern lehrt auch wichtige soziale F\u00e4higkeiten. Die Kinder lernen, aufmerksam zuzuh\u00f6ren, sich auszudr\u00fccken und R\u00fccksicht auf andere zu nehmen. Es ist ein Moment des gemeinsamen Respekts und der Wertsch\u00e4tzung.<\/p>","protected":false},"excerpt":{"rendered":"<p>Die Kinder sitzen morgens im Kreis und nehmen am Morgenritual teil, das nicht nur den Tagesablauf strukturiert, sondern auch eine starke Gemeinschaftsbindung f\u00f6rdert. Der Kreis symbolisiert Einheit und Zusammengeh\u00f6rigkeit. Hier versammeln sich die Kinder, um den Tag gemeinsam zu beginnen. Dieser Moment schafft eine warme und einladende Atmosph\u00e4re, die den Kindern das Gef\u00fchl von Geborgenheit [&hellip;]<\/p>\n","protected":false},"author":2,"featured_media":12048,"comment_status":"closed","ping_status":"closed","sticky":false,"template":"","format":"standard","meta":{"footnotes":""},"categories":[519],"tags":[],"class_list":["post-12047","post","type-post","status-publish","format-standard","has-post-thumbnail","hentry","category-kinderkrippe-blog"],"_links":{"self":[{"href":"https:\/\/kitabluemli.ch\/en\/wp-json\/wp\/v2\/posts\/12047","targetHints":{"allow":["GET"]}}],"collection":[{"href":"https:\/\/kitabluemli.ch\/en\/wp-json\/wp\/v2\/posts"}],"about":[{"href":"https:\/\/kitabluemli.ch\/en\/wp-json\/wp\/v2\/types\/post"}],"author":[{"embeddable":true,"href":"https:\/\/kitabluemli.ch\/en\/wp-json\/wp\/v2\/users\/2"}],"replies":[{"embeddable":true,"href":"https:\/\/kitabluemli.ch\/en\/wp-json\/wp\/v2\/comments?post=12047"}],"version-history":[{"count":0,"href":"https:\/\/kitabluemli.ch\/en\/wp-json\/wp\/v2\/posts\/12047\/revisions"}],"wp:featuredmedia":[{"embeddable":true,"href":"https:\/\/kitabluemli.ch\/en\/wp-json\/wp\/v2\/media\/12048"}],"wp:attachment":[{"href":"https:\/\/kitabluemli.ch\/en\/wp-json\/wp\/v2\/media?parent=12047"}],"wp:term":[{"taxonomy":"category","embeddable":true,"href":"https:\/\/kitabluemli.ch\/en\/wp-json\/wp\/v2\/categories?post=12047"},{"taxonomy":"post_tag","embeddable":true,"href":"https:\/\/kitabluemli.ch\/en\/wp-json\/wp\/v2\/tags?post=12047"}],"curies":[{"name":"wp","href":"https:\/\/api.w.org\/{rel}","templated":true}]}}