{"id":12052,"date":"2023-10-29T12:00:46","date_gmt":"2023-10-29T11:00:46","guid":{"rendered":"https:\/\/eager-austin.188-34-163-140.plesk.page\/?p=12052"},"modified":"2023-10-29T12:00:46","modified_gmt":"2023-10-29T11:00:46","slug":"experimentieren-mit-herbstlichen-farben","status":"publish","type":"post","link":"https:\/\/kitabluemli.ch\/en\/experimentieren-mit-herbstlichen-farben\/","title":{"rendered":"Experimentieren mit herbstlichen Farben"},"content":{"rendered":"<p>Die Kinder haben sich im Kreis versammelt, rund um ein Plakat, das mit ausgeschnittenen Bl\u00e4ttern auf dem Boden liegt. Jedes Kind tr\u00e4gt ein bunter Malkittel und ist bereit f\u00fcr ein kreatives Abenteuer.<\/p>\n<p>Auf dem Plakat finden sich Farbspritzer in allen Farben des Herbstes, denn die Kinder d\u00fcrfen heute mit Plakatfarben experimentieren. Doch das ist noch nicht alles! \u00dcber der Farbe liegt sorgf\u00e4ltig eine Frischhaltefolie ausgebreitet. Dieses ungew\u00f6hnliche Kunstprojekt verspricht eine aufregende Erfahrung.<\/p>\n<p>Die Kinder k\u00f6nnen es kaum erwarten, ihre kleinen H\u00e4nde auf die Folie zu legen und die Farbe unter ihren Fingern zu sp\u00fcren. Mit Begeisterung dr\u00fccken sie auf die Frischhaltefolie, und die Farbe verteilt sich in faszinierenden Mustern. Die Bl\u00e4tter auf dem Plakat hinterlassen beeindruckende Abdr\u00fccke und schaffen kunstvolle Kreationen.<\/p>\n<p>W\u00e4hrend die Kinder mit Farbe und Bl\u00e4ttern experimentieren, erleben sie nicht nur kreativen Farbenspass, sondern entwickeln auch ihre Feinmotorik und k\u00fcnstlerische Ausdrucksf\u00e4higkeit. Dieses spielerische Lernen tr\u00e4gt dazu bei, ihre Vorstellungskraft zu f\u00f6rdern und ihre Sinne zu sch\u00e4rfen.<\/p>","protected":false},"excerpt":{"rendered":"<p>Die Kinder haben sich im Kreis versammelt, rund um ein Plakat, das mit ausgeschnittenen Bl\u00e4ttern auf dem Boden liegt. Jedes Kind tr\u00e4gt ein bunter Malkittel und ist bereit f\u00fcr ein kreatives Abenteuer. Auf dem Plakat finden sich Farbspritzer in allen Farben des Herbstes, denn die Kinder d\u00fcrfen heute mit Plakatfarben experimentieren. Doch das ist noch [&hellip;]<\/p>\n","protected":false},"author":2,"featured_media":12053,"comment_status":"closed","ping_status":"closed","sticky":false,"template":"","format":"standard","meta":{"footnotes":""},"categories":[519],"tags":[],"class_list":["post-12052","post","type-post","status-publish","format-standard","has-post-thumbnail","hentry","category-kinderkrippe-blog"],"_links":{"self":[{"href":"https:\/\/kitabluemli.ch\/en\/wp-json\/wp\/v2\/posts\/12052","targetHints":{"allow":["GET"]}}],"collection":[{"href":"https:\/\/kitabluemli.ch\/en\/wp-json\/wp\/v2\/posts"}],"about":[{"href":"https:\/\/kitabluemli.ch\/en\/wp-json\/wp\/v2\/types\/post"}],"author":[{"embeddable":true,"href":"https:\/\/kitabluemli.ch\/en\/wp-json\/wp\/v2\/users\/2"}],"replies":[{"embeddable":true,"href":"https:\/\/kitabluemli.ch\/en\/wp-json\/wp\/v2\/comments?post=12052"}],"version-history":[{"count":0,"href":"https:\/\/kitabluemli.ch\/en\/wp-json\/wp\/v2\/posts\/12052\/revisions"}],"wp:featuredmedia":[{"embeddable":true,"href":"https:\/\/kitabluemli.ch\/en\/wp-json\/wp\/v2\/media\/12053"}],"wp:attachment":[{"href":"https:\/\/kitabluemli.ch\/en\/wp-json\/wp\/v2\/media?parent=12052"}],"wp:term":[{"taxonomy":"category","embeddable":true,"href":"https:\/\/kitabluemli.ch\/en\/wp-json\/wp\/v2\/categories?post=12052"},{"taxonomy":"post_tag","embeddable":true,"href":"https:\/\/kitabluemli.ch\/en\/wp-json\/wp\/v2\/tags?post=12052"}],"curies":[{"name":"wp","href":"https:\/\/api.w.org\/{rel}","templated":true}]}}