{"id":12055,"date":"2023-11-01T12:00:58","date_gmt":"2023-11-01T11:00:58","guid":{"rendered":"https:\/\/eager-austin.188-34-163-140.plesk.page\/?p=12055"},"modified":"2023-11-01T12:00:58","modified_gmt":"2023-11-01T11:00:58","slug":"herbst-kennenlernen","status":"publish","type":"post","link":"https:\/\/kitabluemli.ch\/en\/herbst-kennenlernen\/","title":{"rendered":"Herbst kennenlernen"},"content":{"rendered":"<p>Die Kinder versammeln sich in einem gem\u00fctlichen Kreis auf dem Boden. Die Betreuerin h\u00e4lt ein Buch ge\u00f6ffnet, das die faszinierende Welt des Herbstes enth\u00fcllt. Der Raum ist erf\u00fcllt von erwartungsvoller Neugierde und Vorfreude auf das, was sie gleich erfahren werden.<\/p>\n<p>Die Betreuerin bl\u00e4ttert durch die Seiten und zeigt den Kindern die Pracht des Herbstes. Sie weist auf die Bilder von bunten Bl\u00e4ttern, K\u00fcrbissen, Eichh\u00f6rnchen und anderen Herbstsymbolen hin. Die Kinder sind gespannt und lauschen aufmerksam den Erkl\u00e4rungen der Betreuerin.<\/p>\n<p>Mit sanften und einf\u00fchlsamen Worten beschreibt die Betreuerin die Ver\u00e4nderungen, die im Herbst eintreten. Sie erz\u00e4hlt von den B\u00e4umen, die ihre Bl\u00e4tter in warmen Farben verlieren, und den Tieren, die sich auf den Winter vorbereiten. Die Kinder beginnen, die Faszination des Herbstes zu verstehen und zu sp\u00fcren.<\/p>\n<p>Das Buch \u00f6ffnet eine T\u00fcr zu einer Welt voller Abenteuer, in der die Kinder den Herbst auf eine ganz neue Art und Weise entdecken. Sie lernen die Jahreszeit kennen, wie sie es noch nie zuvor getan haben, und sind bereit, selbst Teil dieser zauberhaften Saison zu werden.<\/p>","protected":false},"excerpt":{"rendered":"<p>Die Kinder versammeln sich in einem gem\u00fctlichen Kreis auf dem Boden. Die Betreuerin h\u00e4lt ein Buch ge\u00f6ffnet, das die faszinierende Welt des Herbstes enth\u00fcllt. Der Raum ist erf\u00fcllt von erwartungsvoller Neugierde und Vorfreude auf das, was sie gleich erfahren werden. Die Betreuerin bl\u00e4ttert durch die Seiten und zeigt den Kindern die Pracht des Herbstes. Sie [&hellip;]<\/p>\n","protected":false},"author":2,"featured_media":12056,"comment_status":"closed","ping_status":"closed","sticky":false,"template":"","format":"standard","meta":{"footnotes":""},"categories":[519],"tags":[],"class_list":["post-12055","post","type-post","status-publish","format-standard","has-post-thumbnail","hentry","category-kinderkrippe-blog"],"_links":{"self":[{"href":"https:\/\/kitabluemli.ch\/en\/wp-json\/wp\/v2\/posts\/12055","targetHints":{"allow":["GET"]}}],"collection":[{"href":"https:\/\/kitabluemli.ch\/en\/wp-json\/wp\/v2\/posts"}],"about":[{"href":"https:\/\/kitabluemli.ch\/en\/wp-json\/wp\/v2\/types\/post"}],"author":[{"embeddable":true,"href":"https:\/\/kitabluemli.ch\/en\/wp-json\/wp\/v2\/users\/2"}],"replies":[{"embeddable":true,"href":"https:\/\/kitabluemli.ch\/en\/wp-json\/wp\/v2\/comments?post=12055"}],"version-history":[{"count":0,"href":"https:\/\/kitabluemli.ch\/en\/wp-json\/wp\/v2\/posts\/12055\/revisions"}],"wp:featuredmedia":[{"embeddable":true,"href":"https:\/\/kitabluemli.ch\/en\/wp-json\/wp\/v2\/media\/12056"}],"wp:attachment":[{"href":"https:\/\/kitabluemli.ch\/en\/wp-json\/wp\/v2\/media?parent=12055"}],"wp:term":[{"taxonomy":"category","embeddable":true,"href":"https:\/\/kitabluemli.ch\/en\/wp-json\/wp\/v2\/categories?post=12055"},{"taxonomy":"post_tag","embeddable":true,"href":"https:\/\/kitabluemli.ch\/en\/wp-json\/wp\/v2\/tags?post=12055"}],"curies":[{"name":"wp","href":"https:\/\/api.w.org\/{rel}","templated":true}]}}