{"id":12062,"date":"2023-11-04T12:00:40","date_gmt":"2023-11-04T11:00:40","guid":{"rendered":"https:\/\/eager-austin.188-34-163-140.plesk.page\/?p=12062"},"modified":"2023-11-04T12:00:40","modified_gmt":"2023-11-04T11:00:40","slug":"igelbrot-backen","status":"publish","type":"post","link":"https:\/\/kitabluemli.ch\/en\/igelbrot-backen\/","title":{"rendered":"Igelbrot backen"},"content":{"rendered":"<p>Gemeinsam mit den Betreuerinnen kneten die Kinder den Teig f\u00fcr ihr Igelbrot. Jeder Handgriff ist eine Entdeckung, und das Lachen und die Aufregung sind ansteckend. Die Kinder formen den Teig in die Gestalt eines Igels, der schon bald gebacken wird.<\/p>\n<p>W\u00e4hrend sie den Teig bearbeiten, lernen die Kinder spielerisch wichtige F\u00e4higkeiten wie Geduld, Koordination und Teamarbeit. Sie erfahren auch, wie aus einfachen Zutaten ein leckeres Geb\u00e4ck entsteht.<\/p>\n<p>Das Backen eines Igelbrots ist nicht nur ein kulinarisches Abenteuer, sondern f\u00f6rdert auch die Kreativit\u00e4t der Kinder. Sie k\u00f6nnen ihrer Fantasie freien Lauf lassen und den Igel mit Rosinen oder Schokoladentropfen dekorieren.<\/p>","protected":false},"excerpt":{"rendered":"<p>Gemeinsam mit den Betreuerinnen kneten die Kinder den Teig f\u00fcr ihr Igelbrot. Jeder Handgriff ist eine Entdeckung, und das Lachen und die Aufregung sind ansteckend. Die Kinder formen den Teig in die Gestalt eines Igels, der schon bald gebacken wird. W\u00e4hrend sie den Teig bearbeiten, lernen die Kinder spielerisch wichtige F\u00e4higkeiten wie Geduld, Koordination und [&hellip;]<\/p>\n","protected":false},"author":2,"featured_media":12064,"comment_status":"closed","ping_status":"closed","sticky":false,"template":"","format":"standard","meta":{"footnotes":""},"categories":[519],"tags":[],"class_list":["post-12062","post","type-post","status-publish","format-standard","has-post-thumbnail","hentry","category-kinderkrippe-blog"],"_links":{"self":[{"href":"https:\/\/kitabluemli.ch\/en\/wp-json\/wp\/v2\/posts\/12062","targetHints":{"allow":["GET"]}}],"collection":[{"href":"https:\/\/kitabluemli.ch\/en\/wp-json\/wp\/v2\/posts"}],"about":[{"href":"https:\/\/kitabluemli.ch\/en\/wp-json\/wp\/v2\/types\/post"}],"author":[{"embeddable":true,"href":"https:\/\/kitabluemli.ch\/en\/wp-json\/wp\/v2\/users\/2"}],"replies":[{"embeddable":true,"href":"https:\/\/kitabluemli.ch\/en\/wp-json\/wp\/v2\/comments?post=12062"}],"version-history":[{"count":0,"href":"https:\/\/kitabluemli.ch\/en\/wp-json\/wp\/v2\/posts\/12062\/revisions"}],"wp:featuredmedia":[{"embeddable":true,"href":"https:\/\/kitabluemli.ch\/en\/wp-json\/wp\/v2\/media\/12064"}],"wp:attachment":[{"href":"https:\/\/kitabluemli.ch\/en\/wp-json\/wp\/v2\/media?parent=12062"}],"wp:term":[{"taxonomy":"category","embeddable":true,"href":"https:\/\/kitabluemli.ch\/en\/wp-json\/wp\/v2\/categories?post=12062"},{"taxonomy":"post_tag","embeddable":true,"href":"https:\/\/kitabluemli.ch\/en\/wp-json\/wp\/v2\/tags?post=12062"}],"curies":[{"name":"wp","href":"https:\/\/api.w.org\/{rel}","templated":true}]}}