{"id":12078,"date":"2023-11-19T12:00:06","date_gmt":"2023-11-19T11:00:06","guid":{"rendered":"https:\/\/eager-austin.188-34-163-140.plesk.page\/?p=12078"},"modified":"2023-11-19T12:00:06","modified_gmt":"2023-11-19T11:00:06","slug":"halloween-fest","status":"publish","type":"post","link":"https:\/\/kitabluemli.ch\/en\/halloween-fest\/","title":{"rendered":"Halloween Fest"},"content":{"rendered":"<p>Vor Kurzem verwandelte sich die Kinderkrippe in ein schaurig-sch\u00f6nes Reich, als die Kinder gemeinsam mit den Betreuerinnen ein bezauberndes Halloween-Fest feierten.<\/p>\n<p>Die Kita erstrahlte in gespenstischer Dekoration, mit lustigen Geistern, gruseligen K\u00fcrbissen und schaurigen Spinnennetzen. Die Kinder kamen verkleidet als kleine Hexen, Gespenster, Vampire und andere fantasievolle Gestalten. Die Vorfreude und die Aufregung waren f\u00f6rmlich in der Luft zu sp\u00fcren.<\/p>\n<p>Das Fest kulminierte in einer fr\u00f6hlichen Halloween-Party mit leckeren, thematisch gestalteten Snacks und Getr\u00e4nken. Die Kinder genossen gemeinsam Gruselgeschichten, Tanz und Spiele, w\u00e4hrend sie ihre S\u00fcssigkeiten miteinander teilten.<\/p>","protected":false},"excerpt":{"rendered":"<p>Vor Kurzem verwandelte sich die Kinderkrippe in ein schaurig-sch\u00f6nes Reich, als die Kinder gemeinsam mit den Betreuerinnen ein bezauberndes Halloween-Fest feierten. Die Kita erstrahlte in gespenstischer Dekoration, mit lustigen Geistern, gruseligen K\u00fcrbissen und schaurigen Spinnennetzen. Die Kinder kamen verkleidet als kleine Hexen, Gespenster, Vampire und andere fantasievolle Gestalten. Die Vorfreude und die Aufregung waren f\u00f6rmlich [&hellip;]<\/p>\n","protected":false},"author":2,"featured_media":12079,"comment_status":"closed","ping_status":"closed","sticky":false,"template":"","format":"standard","meta":{"footnotes":""},"categories":[519],"tags":[522],"class_list":["post-12078","post","type-post","status-publish","format-standard","has-post-thumbnail","hentry","category-kinderkrippe-blog","tag-halloween-fest"],"_links":{"self":[{"href":"https:\/\/kitabluemli.ch\/en\/wp-json\/wp\/v2\/posts\/12078","targetHints":{"allow":["GET"]}}],"collection":[{"href":"https:\/\/kitabluemli.ch\/en\/wp-json\/wp\/v2\/posts"}],"about":[{"href":"https:\/\/kitabluemli.ch\/en\/wp-json\/wp\/v2\/types\/post"}],"author":[{"embeddable":true,"href":"https:\/\/kitabluemli.ch\/en\/wp-json\/wp\/v2\/users\/2"}],"replies":[{"embeddable":true,"href":"https:\/\/kitabluemli.ch\/en\/wp-json\/wp\/v2\/comments?post=12078"}],"version-history":[{"count":0,"href":"https:\/\/kitabluemli.ch\/en\/wp-json\/wp\/v2\/posts\/12078\/revisions"}],"wp:featuredmedia":[{"embeddable":true,"href":"https:\/\/kitabluemli.ch\/en\/wp-json\/wp\/v2\/media\/12079"}],"wp:attachment":[{"href":"https:\/\/kitabluemli.ch\/en\/wp-json\/wp\/v2\/media?parent=12078"}],"wp:term":[{"taxonomy":"category","embeddable":true,"href":"https:\/\/kitabluemli.ch\/en\/wp-json\/wp\/v2\/categories?post=12078"},{"taxonomy":"post_tag","embeddable":true,"href":"https:\/\/kitabluemli.ch\/en\/wp-json\/wp\/v2\/tags?post=12078"}],"curies":[{"name":"wp","href":"https:\/\/api.w.org\/{rel}","templated":true}]}}