{"id":12101,"date":"2023-12-04T12:00:16","date_gmt":"2023-12-04T11:00:16","guid":{"rendered":"https:\/\/eager-austin.188-34-163-140.plesk.page\/?p=12101"},"modified":"2023-12-04T12:00:16","modified_gmt":"2023-12-04T11:00:16","slug":"blaetterspass-2","status":"publish","type":"post","link":"https:\/\/kitabluemli.ch\/en\/blaetterspass-2\/","title":{"rendered":"Bl\u00e4tterspass"},"content":{"rendered":"<p>Das Spiel mit den gesammelten Bl\u00e4ttern entfachte die Kreativit\u00e4t der Kinder. Laubhaufen wurden zu Sprungburgen, Versteckspiele zu aufregenden Abenteuern, und kunstvolle Collagen entstanden, als die Kinder die Bl\u00e4tter zu kleinen Meisterwerken arrangierten. Dieses spielerische Miteinander f\u00f6rderte nicht nur ihre Feinmotorik, sondern weckte auch die Freude an der Gestaltung mit nat\u00fcrlichen Materialien.<\/p>\n<p>W\u00e4hrend die Kinder durch das Laub streiften, begleitete sie das beruhigende Knistern der Bl\u00e4tter unter ihren F\u00fcssen. Die Sinne wurden angeregt, und die kleinen Forscher erlebten die Natur in all ihrer Vielfalt und Sch\u00f6nheit.<\/p>\n<p>Der Waldspaziergang war nicht nur ein individuelles Abenteuer, sondern auch eine Gemeinschaftsaktion. Die Kinder teilten ihre Entdeckungen, halfen einander beim Sammeln und erfuhren, wie gemeinsames Gestalten und Spielen die sozialen Bindungen st\u00e4rkt.<\/p>\n<p>Die Betreuerinnen nutzten die Gelegenheit, den Kindern Werte wie Achtsamkeit und Respekt vor der Natur zu vermitteln. Sie erkl\u00e4rten, wie wichtig es ist, die Umwelt zu sch\u00e4tzen und zu sch\u00fctzen, w\u00e4hrend die Kinder die Geschichten hinter jedem Blatt erforschten.<\/p>","protected":false},"excerpt":{"rendered":"<p>Das Spiel mit den gesammelten Bl\u00e4ttern entfachte die Kreativit\u00e4t der Kinder. Laubhaufen wurden zu Sprungburgen, Versteckspiele zu aufregenden Abenteuern, und kunstvolle Collagen entstanden, als die Kinder die Bl\u00e4tter zu kleinen Meisterwerken arrangierten. Dieses spielerische Miteinander f\u00f6rderte nicht nur ihre Feinmotorik, sondern weckte auch die Freude an der Gestaltung mit nat\u00fcrlichen Materialien. W\u00e4hrend die Kinder durch [&hellip;]<\/p>\n","protected":false},"author":2,"featured_media":12102,"comment_status":"closed","ping_status":"closed","sticky":false,"template":"","format":"standard","meta":{"footnotes":""},"categories":[520],"tags":[],"class_list":["post-12101","post","type-post","status-publish","format-standard","has-post-thumbnail","hentry","category-waldkinderkrippe-blog"],"_links":{"self":[{"href":"https:\/\/kitabluemli.ch\/en\/wp-json\/wp\/v2\/posts\/12101","targetHints":{"allow":["GET"]}}],"collection":[{"href":"https:\/\/kitabluemli.ch\/en\/wp-json\/wp\/v2\/posts"}],"about":[{"href":"https:\/\/kitabluemli.ch\/en\/wp-json\/wp\/v2\/types\/post"}],"author":[{"embeddable":true,"href":"https:\/\/kitabluemli.ch\/en\/wp-json\/wp\/v2\/users\/2"}],"replies":[{"embeddable":true,"href":"https:\/\/kitabluemli.ch\/en\/wp-json\/wp\/v2\/comments?post=12101"}],"version-history":[{"count":0,"href":"https:\/\/kitabluemli.ch\/en\/wp-json\/wp\/v2\/posts\/12101\/revisions"}],"wp:featuredmedia":[{"embeddable":true,"href":"https:\/\/kitabluemli.ch\/en\/wp-json\/wp\/v2\/media\/12102"}],"wp:attachment":[{"href":"https:\/\/kitabluemli.ch\/en\/wp-json\/wp\/v2\/media?parent=12101"}],"wp:term":[{"taxonomy":"category","embeddable":true,"href":"https:\/\/kitabluemli.ch\/en\/wp-json\/wp\/v2\/categories?post=12101"},{"taxonomy":"post_tag","embeddable":true,"href":"https:\/\/kitabluemli.ch\/en\/wp-json\/wp\/v2\/tags?post=12101"}],"curies":[{"name":"wp","href":"https:\/\/api.w.org\/{rel}","templated":true}]}}