{"id":12122,"date":"2023-12-13T12:00:55","date_gmt":"2023-12-13T11:00:55","guid":{"rendered":"https:\/\/eager-austin.188-34-163-140.plesk.page\/?p=12122"},"modified":"2023-12-13T12:00:55","modified_gmt":"2023-12-13T11:00:55","slug":"samiclaus-in-der-krippe","status":"publish","type":"post","link":"https:\/\/kitabluemli.ch\/en\/samiclaus-in-der-krippe\/","title":{"rendered":"Samiclaus in der Krippe"},"content":{"rendered":"<p>Ein Hauch von Vorfreude lag in der Luft, als der Samiclaus mit seinem Gefolge in festlicher Stimmung die Krippe besuchte. In Begleitung aufgeregter Eltern wurde dieser besondere Tag zu einem unvergesslichen Erlebnis f\u00fcr die kleinen Bewohner der Kita.<\/p>\n<p>Mit einem roten Buch in der Hand und begleitet von seinem Helfer, den Schmutzli, betrat der Samiclaus die festlich geschm\u00fcckten R\u00e4ume der Kita. Die Kinderaugen leuchteten vor Aufregung und Neugier, als der Samiclaus liebevoll jedes Kind begr\u00fcsste und sich nach ihrem Verhalten erkundigte.<\/p>\n<p>Die Eltern, die sich ebenfalls f\u00fcr diesen besonderen Anlass versammelt hatten, genossen sichtlich die festliche Atmosph\u00e4re und die strahlenden Gesichter ihrer Kinder. Die Kita wurde zu einem Ort der Magie, in dem gemeinsame Freude und festliche Gemeinschaft im Mittelpunkt standen.<\/p>\n<p>In einer gem\u00fctlichen Runde erz\u00e4hlte der Samiclaus Geschichten, lobte die Kinder f\u00fcr ihre Fortschritte und verteilte kleine Geschenke aus seinem Sack. Die Kinder durften dem Samiclaus auch ihre Fragen stellen und ein Lied vorsingen, welches sie vorher gelernt hatten.<\/p>\n<p>Die Eltern hatten die Gelegenheit, die festliche Stimmung mit ihren Kindern zu teilen und sich gemeinsam \u00fcber die Fortschritte und Erlebnisse ihrer Kleinen zu freuen.<\/p>","protected":false},"excerpt":{"rendered":"<p>Ein Hauch von Vorfreude lag in der Luft, als der Samiclaus mit seinem Gefolge in festlicher Stimmung die Krippe besuchte. In Begleitung aufgeregter Eltern wurde dieser besondere Tag zu einem unvergesslichen Erlebnis f\u00fcr die kleinen Bewohner der Kita. Mit einem roten Buch in der Hand und begleitet von seinem Helfer, den Schmutzli, betrat der Samiclaus [&hellip;]<\/p>\n","protected":false},"author":2,"featured_media":0,"comment_status":"closed","ping_status":"closed","sticky":false,"template":"","format":"standard","meta":{"footnotes":""},"categories":[519],"tags":[525],"class_list":["post-12122","post","type-post","status-publish","format-standard","hentry","category-kinderkrippe-blog","tag-samiclaus-in-der-krippe"],"_links":{"self":[{"href":"https:\/\/kitabluemli.ch\/en\/wp-json\/wp\/v2\/posts\/12122","targetHints":{"allow":["GET"]}}],"collection":[{"href":"https:\/\/kitabluemli.ch\/en\/wp-json\/wp\/v2\/posts"}],"about":[{"href":"https:\/\/kitabluemli.ch\/en\/wp-json\/wp\/v2\/types\/post"}],"author":[{"embeddable":true,"href":"https:\/\/kitabluemli.ch\/en\/wp-json\/wp\/v2\/users\/2"}],"replies":[{"embeddable":true,"href":"https:\/\/kitabluemli.ch\/en\/wp-json\/wp\/v2\/comments?post=12122"}],"version-history":[{"count":0,"href":"https:\/\/kitabluemli.ch\/en\/wp-json\/wp\/v2\/posts\/12122\/revisions"}],"wp:attachment":[{"href":"https:\/\/kitabluemli.ch\/en\/wp-json\/wp\/v2\/media?parent=12122"}],"wp:term":[{"taxonomy":"category","embeddable":true,"href":"https:\/\/kitabluemli.ch\/en\/wp-json\/wp\/v2\/categories?post=12122"},{"taxonomy":"post_tag","embeddable":true,"href":"https:\/\/kitabluemli.ch\/en\/wp-json\/wp\/v2\/tags?post=12122"}],"curies":[{"name":"wp","href":"https:\/\/api.w.org\/{rel}","templated":true}]}}