{"id":12130,"date":"2023-12-16T12:00:56","date_gmt":"2023-12-16T11:00:56","guid":{"rendered":"https:\/\/eager-austin.188-34-163-140.plesk.page\/?p=12130"},"modified":"2023-12-16T12:00:56","modified_gmt":"2023-12-16T11:00:56","slug":"samichlaus-handabdruck","status":"publish","type":"post","link":"https:\/\/kitabluemli.ch\/en\/samichlaus-handabdruck\/","title":{"rendered":"Samichlaus Handabdruck"},"content":{"rendered":"<p>Mit Pinseln, Farben und vorweihnachtlicher Vorfreude gestalteten die Kinder ihre eigenen festlichen Meisterwerke direkt auf ihren H\u00e4nden.<\/p>\n<p>Mit strahlenden Augen malten die Kinder den Samichlaus auf ihre Handfl\u00e4chen. Die Betreuerinnen unterst\u00fctzten die kleinen K\u00fcnstler dabei, ihre Vorstellungen umzusetzen, und halfen, die Details zu perfektionieren. Es war nicht nur ein kreativer Prozess, sondern auch eine spielerische Erfahrung, die die Feinmotorik der Kinder f\u00f6rderte.<\/p>\n<p>Die Kinder tauschten sich fr\u00f6hlich \u00fcber ihre entstehenden Samichl\u00e4use aus und bewunderten die einzigartigen Kreationen ihrer Freunde. Gemeinsam entstand eine bunte Parade von Handabdruck-Samichl\u00e4usen, die die Vorfreude auf die festliche Zeit noch verst\u00e4rkte.<\/p>\n<p>Am Ende des Bastelabenteuers bewunderten die Kinder stolz ihre H\u00e4nde, die nun in festlichen Samichl\u00e4usen verwandelt waren. Die zauberhaften Handabdr\u00fccke wurden zu pers\u00f6nlichen Kunstwerken, die nicht nur die Krippe schm\u00fcckten, sondern auch als bezaubernde Erinnerung mit nach Hause genommen wurden.<\/p>","protected":false},"excerpt":{"rendered":"<p>Mit Pinseln, Farben und vorweihnachtlicher Vorfreude gestalteten die Kinder ihre eigenen festlichen Meisterwerke direkt auf ihren H\u00e4nden. Mit strahlenden Augen malten die Kinder den Samichlaus auf ihre Handfl\u00e4chen. Die Betreuerinnen unterst\u00fctzten die kleinen K\u00fcnstler dabei, ihre Vorstellungen umzusetzen, und halfen, die Details zu perfektionieren. Es war nicht nur ein kreativer Prozess, sondern auch eine spielerische [&hellip;]<\/p>\n","protected":false},"author":2,"featured_media":12131,"comment_status":"closed","ping_status":"closed","sticky":false,"template":"","format":"standard","meta":{"footnotes":""},"categories":[519],"tags":[],"class_list":["post-12130","post","type-post","status-publish","format-standard","has-post-thumbnail","hentry","category-kinderkrippe-blog"],"_links":{"self":[{"href":"https:\/\/kitabluemli.ch\/en\/wp-json\/wp\/v2\/posts\/12130","targetHints":{"allow":["GET"]}}],"collection":[{"href":"https:\/\/kitabluemli.ch\/en\/wp-json\/wp\/v2\/posts"}],"about":[{"href":"https:\/\/kitabluemli.ch\/en\/wp-json\/wp\/v2\/types\/post"}],"author":[{"embeddable":true,"href":"https:\/\/kitabluemli.ch\/en\/wp-json\/wp\/v2\/users\/2"}],"replies":[{"embeddable":true,"href":"https:\/\/kitabluemli.ch\/en\/wp-json\/wp\/v2\/comments?post=12130"}],"version-history":[{"count":0,"href":"https:\/\/kitabluemli.ch\/en\/wp-json\/wp\/v2\/posts\/12130\/revisions"}],"wp:featuredmedia":[{"embeddable":true,"href":"https:\/\/kitabluemli.ch\/en\/wp-json\/wp\/v2\/media\/12131"}],"wp:attachment":[{"href":"https:\/\/kitabluemli.ch\/en\/wp-json\/wp\/v2\/media?parent=12130"}],"wp:term":[{"taxonomy":"category","embeddable":true,"href":"https:\/\/kitabluemli.ch\/en\/wp-json\/wp\/v2\/categories?post=12130"},{"taxonomy":"post_tag","embeddable":true,"href":"https:\/\/kitabluemli.ch\/en\/wp-json\/wp\/v2\/tags?post=12130"}],"curies":[{"name":"wp","href":"https:\/\/api.w.org\/{rel}","templated":true}]}}