{"id":12133,"date":"2023-12-19T12:00:28","date_gmt":"2023-12-19T11:00:28","guid":{"rendered":"https:\/\/eager-austin.188-34-163-140.plesk.page\/?p=12133"},"modified":"2023-12-19T12:00:28","modified_gmt":"2023-12-19T11:00:28","slug":"weihnachtsbaum-schmuecken","status":"publish","type":"post","link":"https:\/\/kitabluemli.ch\/en\/weihnachtsbaum-schmuecken\/","title":{"rendered":"Weihnachtsbaum schm\u00fccken"},"content":{"rendered":"<p>Die Betreuerinnen hatten den Baum bereits aufgestellt und mit Lichtern geschm\u00fcckt, und nun war es an der Zeit, dass die Kinder ihre eigenen kreativen Akzente setzten. Jedes Kind erhielt die M\u00f6glichkeit, eine selbstgebastelte Dekoration am Baum anzubringen.<\/p>\n<p>Mit bunten Kugeln, selbstgemalten Sternen und glitzernden Anh\u00e4ngern bewaffnet, st\u00fcrzten sich die kleinen K\u00fcnstler in die Aufgabe. Die Betreuerinnen halfen den Kindern dabei, die Dekorationen sicher am Baum zu platzieren, w\u00e4hrend die festliche Atmosph\u00e4re durch fr\u00f6hliches Lachen und aufgeregte Rufe erf\u00fcllt wurde.<\/p>\n<p>W\u00e4hrend die Kinder eifrig arbeiteten, tauschten sie Ideen aus, halfen sich gegenseitig und bewunderten die vielf\u00e4ltigen Dekorationen ihrer Freunde. Der Weihnachtsbaum wurde so zu einem lebendigen Kunstwerk, das die Individualit\u00e4t und Kreativit\u00e4t eines jeden Kindes widerspiegelte.<\/p>\n<p>Nachdem der letzte Stern platziert war und der Baum in all seiner festlichen Pracht erstrahlte, versammelten sich die Kinder stolz um ihr gemeinsames Werk. Gemeinsam wurde ein Lied angestimmt, und die festliche Stimmung erreichte ihren H\u00f6hepunkt.<\/p>","protected":false},"excerpt":{"rendered":"<p>Die Betreuerinnen hatten den Baum bereits aufgestellt und mit Lichtern geschm\u00fcckt, und nun war es an der Zeit, dass die Kinder ihre eigenen kreativen Akzente setzten. Jedes Kind erhielt die M\u00f6glichkeit, eine selbstgebastelte Dekoration am Baum anzubringen. Mit bunten Kugeln, selbstgemalten Sternen und glitzernden Anh\u00e4ngern bewaffnet, st\u00fcrzten sich die kleinen K\u00fcnstler in die Aufgabe. Die [&hellip;]<\/p>\n","protected":false},"author":2,"featured_media":12134,"comment_status":"closed","ping_status":"closed","sticky":false,"template":"","format":"standard","meta":{"footnotes":""},"categories":[519],"tags":[],"class_list":["post-12133","post","type-post","status-publish","format-standard","has-post-thumbnail","hentry","category-kinderkrippe-blog"],"_links":{"self":[{"href":"https:\/\/kitabluemli.ch\/en\/wp-json\/wp\/v2\/posts\/12133","targetHints":{"allow":["GET"]}}],"collection":[{"href":"https:\/\/kitabluemli.ch\/en\/wp-json\/wp\/v2\/posts"}],"about":[{"href":"https:\/\/kitabluemli.ch\/en\/wp-json\/wp\/v2\/types\/post"}],"author":[{"embeddable":true,"href":"https:\/\/kitabluemli.ch\/en\/wp-json\/wp\/v2\/users\/2"}],"replies":[{"embeddable":true,"href":"https:\/\/kitabluemli.ch\/en\/wp-json\/wp\/v2\/comments?post=12133"}],"version-history":[{"count":0,"href":"https:\/\/kitabluemli.ch\/en\/wp-json\/wp\/v2\/posts\/12133\/revisions"}],"wp:featuredmedia":[{"embeddable":true,"href":"https:\/\/kitabluemli.ch\/en\/wp-json\/wp\/v2\/media\/12134"}],"wp:attachment":[{"href":"https:\/\/kitabluemli.ch\/en\/wp-json\/wp\/v2\/media?parent=12133"}],"wp:term":[{"taxonomy":"category","embeddable":true,"href":"https:\/\/kitabluemli.ch\/en\/wp-json\/wp\/v2\/categories?post=12133"},{"taxonomy":"post_tag","embeddable":true,"href":"https:\/\/kitabluemli.ch\/en\/wp-json\/wp\/v2\/tags?post=12133"}],"curies":[{"name":"wp","href":"https:\/\/api.w.org\/{rel}","templated":true}]}}