{"id":12146,"date":"2023-12-25T12:00:29","date_gmt":"2023-12-25T11:00:29","guid":{"rendered":"https:\/\/eager-austin.188-34-163-140.plesk.page\/?p=12146"},"modified":"2023-12-25T12:00:29","modified_gmt":"2023-12-25T11:00:29","slug":"frohe-festtage","status":"publish","type":"post","link":"https:\/\/kitabluemli.ch\/en\/frohe-festtage\/","title":{"rendered":"Frohe Festtage"},"content":{"rendered":"<p>Die KiTa Bl\u00fcemli sendet strahlende Festtagsgr\u00fcsse in die Herzen aller Eltern, Kinder und Freunde! M\u00f6ge die zauberhafte Weihnachtszeit und der Beginn des neuen Jahres mit Freude, Liebe und unvergesslichen Momenten erf\u00fcllt sein.<\/p>\n<p>In den festlich geschm\u00fcckten R\u00e4umen unserer Krippe haben die kleinen K\u00fcnstler mit leuchtenden Augen den Weihnachtsbaum geschm\u00fcckt, kreative Kunstwerke geschaffen und gemeinsam fr\u00f6hliche Lieder gesungen. Jeder Moment war gepr\u00e4gt von der Magie der Gemeinschaft und der Freude am Miteinander.<\/p>\n<p>Wir m\u00f6chten uns bei den Eltern f\u00fcr ihre Unterst\u00fctzung und Vertrauen bedanken. Gemeinsam haben wir ein Jahr voller Lachen, Lernen und Liebe erlebt. Die Kinder haben nicht nur ihre kreativen F\u00e4higkeiten entwickelt, sondern auch wertvolle Freundschaften geschlossen.<\/p>\n<p>M\u00f6ge das kommende Jahr ebenso lehrreich, aufregend und erf\u00fcllt sein. Wir freuen uns darauf, gemeinsam mit den Kindern neue Abenteuer zu erleben, Neues zu entdecken und weiterhin eine liebevolle und inspirierende Umgebung zu schaffen.<\/p>\n<p>Geniesst die besinnliche Zeit im Kreise eurer Liebsten, lasst euch von der festlichen Atmosph\u00e4re verzaubern und startet voller Vorfreude ins neue Jahr. Frohe Festtage und einen gl\u00fccklichen Start ins Jahr 20XX w\u00fcnscht euch das gesamte Team der KiTa Bl\u00fcemli! \ud83c\udf84\ud83c\udf1f\ud83c\udf81<\/p>","protected":false},"excerpt":{"rendered":"<p>Die KiTa Bl\u00fcemli sendet strahlende Festtagsgr\u00fcsse in die Herzen aller Eltern, Kinder und Freunde! M\u00f6ge die zauberhafte Weihnachtszeit und der Beginn des neuen Jahres mit Freude, Liebe und unvergesslichen Momenten erf\u00fcllt sein. In den festlich geschm\u00fcckten R\u00e4umen unserer Krippe haben die kleinen K\u00fcnstler mit leuchtenden Augen den Weihnachtsbaum geschm\u00fcckt, kreative Kunstwerke geschaffen und gemeinsam fr\u00f6hliche [&hellip;]<\/p>\n","protected":false},"author":2,"featured_media":12147,"comment_status":"closed","ping_status":"closed","sticky":false,"template":"","format":"standard","meta":{"footnotes":""},"categories":[519],"tags":[],"class_list":["post-12146","post","type-post","status-publish","format-standard","has-post-thumbnail","hentry","category-kinderkrippe-blog"],"_links":{"self":[{"href":"https:\/\/kitabluemli.ch\/en\/wp-json\/wp\/v2\/posts\/12146","targetHints":{"allow":["GET"]}}],"collection":[{"href":"https:\/\/kitabluemli.ch\/en\/wp-json\/wp\/v2\/posts"}],"about":[{"href":"https:\/\/kitabluemli.ch\/en\/wp-json\/wp\/v2\/types\/post"}],"author":[{"embeddable":true,"href":"https:\/\/kitabluemli.ch\/en\/wp-json\/wp\/v2\/users\/2"}],"replies":[{"embeddable":true,"href":"https:\/\/kitabluemli.ch\/en\/wp-json\/wp\/v2\/comments?post=12146"}],"version-history":[{"count":0,"href":"https:\/\/kitabluemli.ch\/en\/wp-json\/wp\/v2\/posts\/12146\/revisions"}],"wp:featuredmedia":[{"embeddable":true,"href":"https:\/\/kitabluemli.ch\/en\/wp-json\/wp\/v2\/media\/12147"}],"wp:attachment":[{"href":"https:\/\/kitabluemli.ch\/en\/wp-json\/wp\/v2\/media?parent=12146"}],"wp:term":[{"taxonomy":"category","embeddable":true,"href":"https:\/\/kitabluemli.ch\/en\/wp-json\/wp\/v2\/categories?post=12146"},{"taxonomy":"post_tag","embeddable":true,"href":"https:\/\/kitabluemli.ch\/en\/wp-json\/wp\/v2\/tags?post=12146"}],"curies":[{"name":"wp","href":"https:\/\/api.w.org\/{rel}","templated":true}]}}