{"id":12156,"date":"2024-01-03T12:00:14","date_gmt":"2024-01-03T11:00:14","guid":{"rendered":"https:\/\/eager-austin.188-34-163-140.plesk.page\/?p=12156"},"modified":"2024-01-03T12:00:14","modified_gmt":"2024-01-03T11:00:14","slug":"weihnachtsmarkt-besuchen","status":"publish","type":"post","link":"https:\/\/kitabluemli.ch\/en\/weihnachtsmarkt-besuchen\/","title":{"rendered":"Weihnachtsmarkt besuchen"},"content":{"rendered":"<p>Mit strahlenden Augen und eingemummelt in warme Jacken und Schals, erkundeten die Kinder die festlich geschm\u00fcckten St\u00e4nde des Weihnachtsmarktes. Bunte Lichter glitzerten, und festliche Musik schwebte in der Luft, w\u00e4hrend die kleinen H\u00e4nde nach Leckereien und handgefertigten Geschenken griffen.<\/p>\n<p>Die Betreuerinnen f\u00fchrten die Kinder durch die Gassen des Marktes, wo sie staunend vor den funkelnden Schaufenstern standen und die festlichen D\u00fcfte von gebrannten Mandeln schnupperten. \u00dcberall erklang fr\u00f6hliches Lachen und festliches Treiben, w\u00e4hrend die Kinder ihre Umgebung mit offenen Augen und neugierigen Blicken erforschten.<\/p>\n<p>Mit roten Backen und fr\u00f6hlichem Gem\u00fct gingen die Kinder zu einem gem\u00fctlichen Platz zum Verweilen. Hier lauschten sie Weihnachtsgeschichten, sangen festliche Lieder und genossen die besondere Atmosph\u00e4re des Weihnachtsmarktes.<\/p>","protected":false},"excerpt":{"rendered":"<p>Mit strahlenden Augen und eingemummelt in warme Jacken und Schals, erkundeten die Kinder die festlich geschm\u00fcckten St\u00e4nde des Weihnachtsmarktes. Bunte Lichter glitzerten, und festliche Musik schwebte in der Luft, w\u00e4hrend die kleinen H\u00e4nde nach Leckereien und handgefertigten Geschenken griffen. Die Betreuerinnen f\u00fchrten die Kinder durch die Gassen des Marktes, wo sie staunend vor den funkelnden [&hellip;]<\/p>\n","protected":false},"author":2,"featured_media":12157,"comment_status":"closed","ping_status":"closed","sticky":false,"template":"","format":"standard","meta":{"footnotes":""},"categories":[519],"tags":[],"class_list":["post-12156","post","type-post","status-publish","format-standard","has-post-thumbnail","hentry","category-kinderkrippe-blog"],"_links":{"self":[{"href":"https:\/\/kitabluemli.ch\/en\/wp-json\/wp\/v2\/posts\/12156","targetHints":{"allow":["GET"]}}],"collection":[{"href":"https:\/\/kitabluemli.ch\/en\/wp-json\/wp\/v2\/posts"}],"about":[{"href":"https:\/\/kitabluemli.ch\/en\/wp-json\/wp\/v2\/types\/post"}],"author":[{"embeddable":true,"href":"https:\/\/kitabluemli.ch\/en\/wp-json\/wp\/v2\/users\/2"}],"replies":[{"embeddable":true,"href":"https:\/\/kitabluemli.ch\/en\/wp-json\/wp\/v2\/comments?post=12156"}],"version-history":[{"count":0,"href":"https:\/\/kitabluemli.ch\/en\/wp-json\/wp\/v2\/posts\/12156\/revisions"}],"wp:featuredmedia":[{"embeddable":true,"href":"https:\/\/kitabluemli.ch\/en\/wp-json\/wp\/v2\/media\/12157"}],"wp:attachment":[{"href":"https:\/\/kitabluemli.ch\/en\/wp-json\/wp\/v2\/media?parent=12156"}],"wp:term":[{"taxonomy":"category","embeddable":true,"href":"https:\/\/kitabluemli.ch\/en\/wp-json\/wp\/v2\/categories?post=12156"},{"taxonomy":"post_tag","embeddable":true,"href":"https:\/\/kitabluemli.ch\/en\/wp-json\/wp\/v2\/tags?post=12156"}],"curies":[{"name":"wp","href":"https:\/\/api.w.org\/{rel}","templated":true}]}}