{"id":12188,"date":"2024-01-30T12:00:55","date_gmt":"2024-01-30T11:00:55","guid":{"rendered":"https:\/\/eager-austin.188-34-163-140.plesk.page\/?p=12188"},"modified":"2024-01-30T12:00:55","modified_gmt":"2024-01-30T11:00:55","slug":"schneespass-im-wald","status":"publish","type":"post","link":"https:\/\/kitabluemli.ch\/en\/schneespass-im-wald\/","title":{"rendered":"Schneespass im Wald"},"content":{"rendered":"<p>Mit kuscheligen Jacken und M\u00fctzen ausgestattet, versammelten sich die Kinder gespannt unter den B\u00e4umen, w\u00e4hrend die Betreuerinnen behutsam die \u00c4ste sch\u00fcttelten. Sofort begannen die ersten Schneeflocken zu tanzen und rieselten wie kleine Glitzersterne auf die begeisterten Kinder herab.<\/p>\n<p>Die Kinder streckten freudig ihre H\u00e4nde aus, fingen die Schneeflocken auf und liessen sie auf ihren M\u00fctzen und Schultern landen. Ein fr\u00f6hliches Kichern erf\u00fcllte die Luft, als die kleinen Entdecker den Zauber des winterlichen Schneetanzes erlebten.<\/p>\n<p>Die Betreuerinnen nutzten die Gelegenheit, um den Kindern Wissenswertes \u00fcber Schnee und Winter zu erz\u00e4hlen. Gemeinsam lauschten sie den leisen Ger\u00e4uschen des fallenden Schnees und betrachteten die zauberhafte Verwandlung der Umgebung.<\/p>\n<p>Der Schneezauber unter den B\u00e4umen war nicht nur ein faszinierendes Naturerlebnis, sondern auch ein Moment voller Magie und Staunen.<\/p>","protected":false},"excerpt":{"rendered":"<p>Mit kuscheligen Jacken und M\u00fctzen ausgestattet, versammelten sich die Kinder gespannt unter den B\u00e4umen, w\u00e4hrend die Betreuerinnen behutsam die \u00c4ste sch\u00fcttelten. Sofort begannen die ersten Schneeflocken zu tanzen und rieselten wie kleine Glitzersterne auf die begeisterten Kinder herab. Die Kinder streckten freudig ihre H\u00e4nde aus, fingen die Schneeflocken auf und liessen sie auf ihren M\u00fctzen [&hellip;]<\/p>\n","protected":false},"author":2,"featured_media":12189,"comment_status":"closed","ping_status":"closed","sticky":false,"template":"","format":"standard","meta":{"footnotes":""},"categories":[520],"tags":[],"class_list":["post-12188","post","type-post","status-publish","format-standard","has-post-thumbnail","hentry","category-waldkinderkrippe-blog"],"_links":{"self":[{"href":"https:\/\/kitabluemli.ch\/en\/wp-json\/wp\/v2\/posts\/12188","targetHints":{"allow":["GET"]}}],"collection":[{"href":"https:\/\/kitabluemli.ch\/en\/wp-json\/wp\/v2\/posts"}],"about":[{"href":"https:\/\/kitabluemli.ch\/en\/wp-json\/wp\/v2\/types\/post"}],"author":[{"embeddable":true,"href":"https:\/\/kitabluemli.ch\/en\/wp-json\/wp\/v2\/users\/2"}],"replies":[{"embeddable":true,"href":"https:\/\/kitabluemli.ch\/en\/wp-json\/wp\/v2\/comments?post=12188"}],"version-history":[{"count":0,"href":"https:\/\/kitabluemli.ch\/en\/wp-json\/wp\/v2\/posts\/12188\/revisions"}],"wp:featuredmedia":[{"embeddable":true,"href":"https:\/\/kitabluemli.ch\/en\/wp-json\/wp\/v2\/media\/12189"}],"wp:attachment":[{"href":"https:\/\/kitabluemli.ch\/en\/wp-json\/wp\/v2\/media?parent=12188"}],"wp:term":[{"taxonomy":"category","embeddable":true,"href":"https:\/\/kitabluemli.ch\/en\/wp-json\/wp\/v2\/categories?post=12188"},{"taxonomy":"post_tag","embeddable":true,"href":"https:\/\/kitabluemli.ch\/en\/wp-json\/wp\/v2\/tags?post=12188"}],"curies":[{"name":"wp","href":"https:\/\/api.w.org\/{rel}","templated":true}]}}