{"id":12209,"date":"2024-02-29T13:07:40","date_gmt":"2024-02-29T12:07:40","guid":{"rendered":"https:\/\/eager-austin.188-34-163-140.plesk.page\/?p=12209"},"modified":"2024-02-29T13:07:40","modified_gmt":"2024-02-29T12:07:40","slug":"geburtstag-feiern-in-der-kita","status":"publish","type":"post","link":"https:\/\/kitabluemli.ch\/en\/geburtstag-feiern-in-der-kita\/","title":{"rendered":"Geburtstag feiern in der Kita"},"content":{"rendered":"<p>Die Betreuerinnen hatten die R\u00e4ume f\u00fcr die Feier liebevoll geschm\u00fcckt. Eine festliche Stimmung erf\u00fcllte den Raum, als sich das Geburtstagskind mit seinen Freunden um den Tisch versammelte. Ein k\u00f6stlicher Geburtstagskuchen wartete darauf, angeschnitten zu werden.<\/p>\n<p>Ein herzliches St\u00e4ndchen der kleinen Gemeinschaft leitete den H\u00f6hepunkt der Feier ein. Gemeinsam sangen die Kinder, begleitet von fr\u00f6hlichem Klatschen. Nach dem Lied wurde der Kuchen genossen, und die Kinder freuten sich \u00fcber die s\u00fcsse Leckerei.<\/p>\n<p>Das besondere Highlight des Tages war das liebevoll ausgesuchte Geschenk, welches sorgf\u00e4ltig verpackt und von den Betreuerinnen \u00fcberreicht wurde. Es spiegelte die Wertsch\u00e4tzung und Liebe wider, die die Kita f\u00fcr jedes Kind empfindet. Die Augen des Geburtstagskindes strahlten vor Freude.<\/p>\n<p>Nachdem das Geschenk ge\u00f6ffnet war, setzte sich die festliche Stimmung in Spielen und Gemeinschaft fort. Die Kinder genossen die besondere Aufmerksamkeit und die fr\u00f6hliche Atmosph\u00e4re, die diesen Tag zu etwas Besonderem machten.<\/p>","protected":false},"excerpt":{"rendered":"<p>Die Betreuerinnen hatten die R\u00e4ume f\u00fcr die Feier liebevoll geschm\u00fcckt. Eine festliche Stimmung erf\u00fcllte den Raum, als sich das Geburtstagskind mit seinen Freunden um den Tisch versammelte. Ein k\u00f6stlicher Geburtstagskuchen wartete darauf, angeschnitten zu werden. Ein herzliches St\u00e4ndchen der kleinen Gemeinschaft leitete den H\u00f6hepunkt der Feier ein. Gemeinsam sangen die Kinder, begleitet von fr\u00f6hlichem Klatschen. [&hellip;]<\/p>\n","protected":false},"author":2,"featured_media":12210,"comment_status":"closed","ping_status":"closed","sticky":false,"template":"","format":"standard","meta":{"footnotes":""},"categories":[519],"tags":[],"class_list":["post-12209","post","type-post","status-publish","format-standard","has-post-thumbnail","hentry","category-kinderkrippe-blog"],"_links":{"self":[{"href":"https:\/\/kitabluemli.ch\/en\/wp-json\/wp\/v2\/posts\/12209","targetHints":{"allow":["GET"]}}],"collection":[{"href":"https:\/\/kitabluemli.ch\/en\/wp-json\/wp\/v2\/posts"}],"about":[{"href":"https:\/\/kitabluemli.ch\/en\/wp-json\/wp\/v2\/types\/post"}],"author":[{"embeddable":true,"href":"https:\/\/kitabluemli.ch\/en\/wp-json\/wp\/v2\/users\/2"}],"replies":[{"embeddable":true,"href":"https:\/\/kitabluemli.ch\/en\/wp-json\/wp\/v2\/comments?post=12209"}],"version-history":[{"count":0,"href":"https:\/\/kitabluemli.ch\/en\/wp-json\/wp\/v2\/posts\/12209\/revisions"}],"wp:featuredmedia":[{"embeddable":true,"href":"https:\/\/kitabluemli.ch\/en\/wp-json\/wp\/v2\/media\/12210"}],"wp:attachment":[{"href":"https:\/\/kitabluemli.ch\/en\/wp-json\/wp\/v2\/media?parent=12209"}],"wp:term":[{"taxonomy":"category","embeddable":true,"href":"https:\/\/kitabluemli.ch\/en\/wp-json\/wp\/v2\/categories?post=12209"},{"taxonomy":"post_tag","embeddable":true,"href":"https:\/\/kitabluemli.ch\/en\/wp-json\/wp\/v2\/tags?post=12209"}],"curies":[{"name":"wp","href":"https:\/\/api.w.org\/{rel}","templated":true}]}}