{"id":12212,"date":"2024-03-03T12:00:16","date_gmt":"2024-03-03T11:00:16","guid":{"rendered":"https:\/\/eager-austin.188-34-163-140.plesk.page\/?p=12212"},"modified":"2024-03-03T12:00:16","modified_gmt":"2024-03-03T11:00:16","slug":"kletteraktion-im-wald","status":"publish","type":"post","link":"https:\/\/kitabluemli.ch\/en\/kletteraktion-im-wald\/","title":{"rendered":"Kletteraktion im Wald"},"content":{"rendered":"<p>Mit strahlenden Augen und voller Energie eroberten die Kinder die Natur und erlebten eine spielerische Verbindung mit der Umwelt.<\/p>\n<p>Die Betreuerinnen begleiteten die Kinder in den nahegelegenen Wald, wo eine Reihe von Baumst\u00e4mmen darauf wartete, erklommen zu werden. Mit Neugier und Vorfreude betraten die kleinen Abenteurer das nat\u00fcrliche Kletterparadies.<\/p>\n<p>Gekonnt balancierten die Kinder \u00fcber die glatten Oberfl\u00e4chen der Baumst\u00e4mme, w\u00e4hrend die Betreuerinnen aufmerksam darauf achteten, dass alles sicher und unterhaltsam blieb.<\/p>\n<p>Die Kletteraktion f\u00f6rderte nicht nur die motorischen F\u00e4higkeiten der Kinder, sondern erm\u00f6glichte auch eine spielerische Verbindung mit der Natur. Die Betreuerinnen ermutigten die kleinen Kletterk\u00fcnstler, die verschiedenen H\u00f6hen der Baumst\u00e4mme zu erkunden und ihre eigenen Wege zu finden.<\/p>\n<p>Die Kinder genossen sichtlich die Herausforderung und den Spass, den das Klettern mit sich brachte. Gemeinsam entdeckten sie die nat\u00fcrlichen Elemente des Waldes und schufen Erinnerungen, die von der Freiheit und Abenteuerlust der Kindheit gepr\u00e4gt waren.<\/p>","protected":false},"excerpt":{"rendered":"<p>Mit strahlenden Augen und voller Energie eroberten die Kinder die Natur und erlebten eine spielerische Verbindung mit der Umwelt. Die Betreuerinnen begleiteten die Kinder in den nahegelegenen Wald, wo eine Reihe von Baumst\u00e4mmen darauf wartete, erklommen zu werden. Mit Neugier und Vorfreude betraten die kleinen Abenteurer das nat\u00fcrliche Kletterparadies. Gekonnt balancierten die Kinder \u00fcber die [&hellip;]<\/p>\n","protected":false},"author":2,"featured_media":12217,"comment_status":"closed","ping_status":"closed","sticky":false,"template":"","format":"standard","meta":{"footnotes":""},"categories":[520],"tags":[],"class_list":["post-12212","post","type-post","status-publish","format-standard","has-post-thumbnail","hentry","category-waldkinderkrippe-blog"],"_links":{"self":[{"href":"https:\/\/kitabluemli.ch\/en\/wp-json\/wp\/v2\/posts\/12212","targetHints":{"allow":["GET"]}}],"collection":[{"href":"https:\/\/kitabluemli.ch\/en\/wp-json\/wp\/v2\/posts"}],"about":[{"href":"https:\/\/kitabluemli.ch\/en\/wp-json\/wp\/v2\/types\/post"}],"author":[{"embeddable":true,"href":"https:\/\/kitabluemli.ch\/en\/wp-json\/wp\/v2\/users\/2"}],"replies":[{"embeddable":true,"href":"https:\/\/kitabluemli.ch\/en\/wp-json\/wp\/v2\/comments?post=12212"}],"version-history":[{"count":0,"href":"https:\/\/kitabluemli.ch\/en\/wp-json\/wp\/v2\/posts\/12212\/revisions"}],"wp:featuredmedia":[{"embeddable":true,"href":"https:\/\/kitabluemli.ch\/en\/wp-json\/wp\/v2\/media\/12217"}],"wp:attachment":[{"href":"https:\/\/kitabluemli.ch\/en\/wp-json\/wp\/v2\/media?parent=12212"}],"wp:term":[{"taxonomy":"category","embeddable":true,"href":"https:\/\/kitabluemli.ch\/en\/wp-json\/wp\/v2\/categories?post=12212"},{"taxonomy":"post_tag","embeddable":true,"href":"https:\/\/kitabluemli.ch\/en\/wp-json\/wp\/v2\/tags?post=12212"}],"curies":[{"name":"wp","href":"https:\/\/api.w.org\/{rel}","templated":true}]}}