{"id":12214,"date":"2024-03-21T12:00:40","date_gmt":"2024-03-21T11:00:40","guid":{"rendered":"https:\/\/eager-austin.188-34-163-140.plesk.page\/?p=12214"},"modified":"2024-03-21T12:00:40","modified_gmt":"2024-03-21T11:00:40","slug":"draussen-im-wald","status":"publish","type":"post","link":"https:\/\/kitabluemli.ch\/en\/draussen-im-wald\/","title":{"rendered":"Draussen im Wald"},"content":{"rendered":"<p>Die Betreuerinnen begleiteten die Kinder in den Wald, wo die Luft von Frische und Abenteuer erf\u00fcllt war. Kleine Schuhe knirschten auf dem Waldboden, w\u00e4hrend die neugierigen Augen der Kinder alle m\u00f6glichen Wunder in der Natur entdeckten.<\/p>\n<p>Die Kinder streiften durch das Dickicht, sammelten bunte Bl\u00e4tter, und sp\u00fcrten die raue Rinde der B\u00e4ume unter ihren H\u00e4nden. Gemeinsam lauschten sie den Ger\u00e4uschen des Waldes \u2013 das Rauschen der Bl\u00e4tter, das Zwitschern der V\u00f6gel und das sanfte Pl\u00e4tschern eines Baches in der Ferne.<\/p>\n<p>Inmitten des Waldes wurden kleine Geheimnisse entdeckt: ein versteckter Frosch am Waldrand, eine glitzernde Spinne im Netz oder ein Vogelnest hoch oben in den \u00c4sten. Die Kinder tauchten in die faszinierende Welt der Natur ein und erlebten die Sch\u00f6nheit und Vielfalt des Waldes.<\/p>\n<p>Die Betreuerinnen ermutigten die Kinder, ihre Fantasie zu nutzen und sich frei in der Natur zu bewegen. Egal, ob sie \u00fcber Baumst\u00e4mme kletterten, im Laub raschelten oder einfach nur den Wind auf ihren Gesichtern sp\u00fcrten \u2013 der Wald bot unz\u00e4hlige M\u00f6glichkeiten f\u00fcr spielerisches Lernen und Abenteuer.<\/p>","protected":false},"excerpt":{"rendered":"<p>Die Betreuerinnen begleiteten die Kinder in den Wald, wo die Luft von Frische und Abenteuer erf\u00fcllt war. Kleine Schuhe knirschten auf dem Waldboden, w\u00e4hrend die neugierigen Augen der Kinder alle m\u00f6glichen Wunder in der Natur entdeckten. Die Kinder streiften durch das Dickicht, sammelten bunte Bl\u00e4tter, und sp\u00fcrten die raue Rinde der B\u00e4ume unter ihren H\u00e4nden. [&hellip;]<\/p>\n","protected":false},"author":2,"featured_media":12215,"comment_status":"closed","ping_status":"closed","sticky":false,"template":"","format":"standard","meta":{"footnotes":""},"categories":[520],"tags":[],"class_list":["post-12214","post","type-post","status-publish","format-standard","has-post-thumbnail","hentry","category-waldkinderkrippe-blog"],"_links":{"self":[{"href":"https:\/\/kitabluemli.ch\/en\/wp-json\/wp\/v2\/posts\/12214","targetHints":{"allow":["GET"]}}],"collection":[{"href":"https:\/\/kitabluemli.ch\/en\/wp-json\/wp\/v2\/posts"}],"about":[{"href":"https:\/\/kitabluemli.ch\/en\/wp-json\/wp\/v2\/types\/post"}],"author":[{"embeddable":true,"href":"https:\/\/kitabluemli.ch\/en\/wp-json\/wp\/v2\/users\/2"}],"replies":[{"embeddable":true,"href":"https:\/\/kitabluemli.ch\/en\/wp-json\/wp\/v2\/comments?post=12214"}],"version-history":[{"count":0,"href":"https:\/\/kitabluemli.ch\/en\/wp-json\/wp\/v2\/posts\/12214\/revisions"}],"wp:featuredmedia":[{"embeddable":true,"href":"https:\/\/kitabluemli.ch\/en\/wp-json\/wp\/v2\/media\/12215"}],"wp:attachment":[{"href":"https:\/\/kitabluemli.ch\/en\/wp-json\/wp\/v2\/media?parent=12214"}],"wp:term":[{"taxonomy":"category","embeddable":true,"href":"https:\/\/kitabluemli.ch\/en\/wp-json\/wp\/v2\/categories?post=12214"},{"taxonomy":"post_tag","embeddable":true,"href":"https:\/\/kitabluemli.ch\/en\/wp-json\/wp\/v2\/tags?post=12214"}],"curies":[{"name":"wp","href":"https:\/\/api.w.org\/{rel}","templated":true}]}}