{"id":12221,"date":"2024-03-12T12:00:57","date_gmt":"2024-03-12T11:00:57","guid":{"rendered":"https:\/\/eager-austin.188-34-163-140.plesk.page\/?p=12221"},"modified":"2024-03-12T12:00:57","modified_gmt":"2024-03-12T11:00:57","slug":"kreative-spuren-in-gruen","status":"publish","type":"post","link":"https:\/\/kitabluemli.ch\/en\/kreative-spuren-in-gruen\/","title":{"rendered":"Kreative Spuren in Gr\u00fcn"},"content":{"rendered":"<p>Die Betreuerinnen legten grosse Papierbahnen auf den Boden und malten die F\u00fcsse der Kinder, mit Pinseln, gr\u00fcn an. Die Kinder durften sich barfuss in das Abenteuer st\u00fcrzen und ihre eigenen Spuren im Gr\u00fcn hinterlassen.<\/p>\n<p>Mit strahlenden Gesichtern und voller Energie tauchten die Kinder ihre F\u00fcsse in die Farbe und setzten dann fr\u00f6hlich ihre Abdr\u00fccke auf das Papier. Lachen und freudiges Jauchzen begleiteten jeden Schritt, w\u00e4hrend die Betreuerinnen die kleinen K\u00fcnstler ermutigten, ihre Fussabdr\u00fccke nach Lust und Laune zu gestalten.<\/p>\n<p>Die gr\u00fcnen Fussabdr\u00fccke erz\u00e4hlten eine Geschichte von Kreativit\u00e4t und kindlichem Entz\u00fccken. Einige Kinder machten zarte, kleine Abdr\u00fccke, w\u00e4hrend andere mit Schwung und Elan grosse Spuren hinterliessen. Gemeinsam gestalteten sie eine bunte Collage aus lebendigen Fussabdr\u00fccken.<\/p>\n<p>Nachdem die Farbe getrocknet war, durften die Kinder ihre Kunstwerke bewundern und stolz ihre eigenen Spuren sehen. Die Betreuerinnen nutzten die Gelegenheit, um mit den Kindern \u00fcber Farben, Formen und die Freude am kreativen Ausdruck zu sprechen.<\/p>","protected":false},"excerpt":{"rendered":"<p>Die Betreuerinnen legten grosse Papierbahnen auf den Boden und malten die F\u00fcsse der Kinder, mit Pinseln, gr\u00fcn an. Die Kinder durften sich barfuss in das Abenteuer st\u00fcrzen und ihre eigenen Spuren im Gr\u00fcn hinterlassen. Mit strahlenden Gesichtern und voller Energie tauchten die Kinder ihre F\u00fcsse in die Farbe und setzten dann fr\u00f6hlich ihre Abdr\u00fccke auf [&hellip;]<\/p>\n","protected":false},"author":2,"featured_media":12222,"comment_status":"closed","ping_status":"closed","sticky":false,"template":"","format":"standard","meta":{"footnotes":""},"categories":[519],"tags":[],"class_list":["post-12221","post","type-post","status-publish","format-standard","has-post-thumbnail","hentry","category-kinderkrippe-blog"],"_links":{"self":[{"href":"https:\/\/kitabluemli.ch\/en\/wp-json\/wp\/v2\/posts\/12221","targetHints":{"allow":["GET"]}}],"collection":[{"href":"https:\/\/kitabluemli.ch\/en\/wp-json\/wp\/v2\/posts"}],"about":[{"href":"https:\/\/kitabluemli.ch\/en\/wp-json\/wp\/v2\/types\/post"}],"author":[{"embeddable":true,"href":"https:\/\/kitabluemli.ch\/en\/wp-json\/wp\/v2\/users\/2"}],"replies":[{"embeddable":true,"href":"https:\/\/kitabluemli.ch\/en\/wp-json\/wp\/v2\/comments?post=12221"}],"version-history":[{"count":0,"href":"https:\/\/kitabluemli.ch\/en\/wp-json\/wp\/v2\/posts\/12221\/revisions"}],"wp:featuredmedia":[{"embeddable":true,"href":"https:\/\/kitabluemli.ch\/en\/wp-json\/wp\/v2\/media\/12222"}],"wp:attachment":[{"href":"https:\/\/kitabluemli.ch\/en\/wp-json\/wp\/v2\/media?parent=12221"}],"wp:term":[{"taxonomy":"category","embeddable":true,"href":"https:\/\/kitabluemli.ch\/en\/wp-json\/wp\/v2\/categories?post=12221"},{"taxonomy":"post_tag","embeddable":true,"href":"https:\/\/kitabluemli.ch\/en\/wp-json\/wp\/v2\/tags?post=12221"}],"curies":[{"name":"wp","href":"https:\/\/api.w.org\/{rel}","templated":true}]}}