{"id":12234,"date":"2024-03-06T12:00:36","date_gmt":"2024-03-06T11:00:36","guid":{"rendered":"https:\/\/eager-austin.188-34-163-140.plesk.page\/?p=12234"},"modified":"2024-03-06T12:00:36","modified_gmt":"2024-03-06T11:00:36","slug":"fasnachtsfeier","status":"publish","type":"post","link":"https:\/\/kitabluemli.ch\/en\/fasnachtsfeier\/","title":{"rendered":"Fasnachtsfeier"},"content":{"rendered":"<p>Ein fr\u00f6hlicher Ausnahmezustand herrschte auf dem Spielplatz, als Kinder, Betreuerinnen und Eltern gemeinsam eine ausgelassene Fasnachtsparty feierten. Die freudige Atmosph\u00e4re wurde mit Konfetti verziert, das eine farbenfrohe Kulisse f\u00fcr das fr\u00f6hliche Fest bildete.<\/p>\n<p>Die Kinder kamen in ihren festlichen Kost\u00fcmen heraus. Eltern gesellten sich ebenso dazu, bereit, das besondere Fest in vollen Z\u00fcgen zu geniessen.<\/p>\n<p>Das fr\u00f6hliche Lachen und die aufgeregten Rufe der kleinen Entdecker vermischten sich mit den begeisterten Stimmen der Erwachsenen.<\/p>\n<p>Ein H\u00f6hepunkt des Festes war das Verspr\u00fchen von Konfetti, das die Luft in ein farbenfrohes Spektakel verwandelte. Die kleinen H\u00e4nde griffen nach den bunten Papierfetzen, w\u00e4hrend die Kinder vor Begeisterung strahlten. Eltern und Betreuerinnen teilten die Freude und den Spass der Kinder.<\/p>\n<p>Mit einem gemeinsamen Picknick klang die Fasnachtsparty gem\u00fctlich aus. Die Kinder, Betreuerinnen und Eltern verabschiedeten sich mit fr\u00f6hlichen Erinnerungen an eine Fasnachtsfeier voller gemeinschaftlicher Freude und farbenfrohem Konfetti. \ud83c\udf89\ud83d\udc68\u200d\ud83d\udc69\u200d\ud83d\udc67\u200d\ud83d\udc66\ud83c\udf8a<\/p>","protected":false},"excerpt":{"rendered":"<p>Ein fr\u00f6hlicher Ausnahmezustand herrschte auf dem Spielplatz, als Kinder, Betreuerinnen und Eltern gemeinsam eine ausgelassene Fasnachtsparty feierten. Die freudige Atmosph\u00e4re wurde mit Konfetti verziert, das eine farbenfrohe Kulisse f\u00fcr das fr\u00f6hliche Fest bildete. Die Kinder kamen in ihren festlichen Kost\u00fcmen heraus. Eltern gesellten sich ebenso dazu, bereit, das besondere Fest in vollen Z\u00fcgen zu geniessen. [&hellip;]<\/p>\n","protected":false},"author":2,"featured_media":12235,"comment_status":"closed","ping_status":"closed","sticky":false,"template":"","format":"standard","meta":{"footnotes":""},"categories":[519],"tags":[],"class_list":["post-12234","post","type-post","status-publish","format-standard","has-post-thumbnail","hentry","category-kinderkrippe-blog"],"_links":{"self":[{"href":"https:\/\/kitabluemli.ch\/en\/wp-json\/wp\/v2\/posts\/12234","targetHints":{"allow":["GET"]}}],"collection":[{"href":"https:\/\/kitabluemli.ch\/en\/wp-json\/wp\/v2\/posts"}],"about":[{"href":"https:\/\/kitabluemli.ch\/en\/wp-json\/wp\/v2\/types\/post"}],"author":[{"embeddable":true,"href":"https:\/\/kitabluemli.ch\/en\/wp-json\/wp\/v2\/users\/2"}],"replies":[{"embeddable":true,"href":"https:\/\/kitabluemli.ch\/en\/wp-json\/wp\/v2\/comments?post=12234"}],"version-history":[{"count":0,"href":"https:\/\/kitabluemli.ch\/en\/wp-json\/wp\/v2\/posts\/12234\/revisions"}],"wp:featuredmedia":[{"embeddable":true,"href":"https:\/\/kitabluemli.ch\/en\/wp-json\/wp\/v2\/media\/12235"}],"wp:attachment":[{"href":"https:\/\/kitabluemli.ch\/en\/wp-json\/wp\/v2\/media?parent=12234"}],"wp:term":[{"taxonomy":"category","embeddable":true,"href":"https:\/\/kitabluemli.ch\/en\/wp-json\/wp\/v2\/categories?post=12234"},{"taxonomy":"post_tag","embeddable":true,"href":"https:\/\/kitabluemli.ch\/en\/wp-json\/wp\/v2\/tags?post=12234"}],"curies":[{"name":"wp","href":"https:\/\/api.w.org\/{rel}","templated":true}]}}