{"id":12249,"date":"2024-04-24T12:00:24","date_gmt":"2024-04-24T10:00:24","guid":{"rendered":"https:\/\/eager-austin.188-34-163-140.plesk.page\/?p=12249"},"modified":"2024-04-24T12:00:24","modified_gmt":"2024-04-24T10:00:24","slug":"ausflug-an-den-see","status":"publish","type":"post","link":"https:\/\/kitabluemli.ch\/en\/ausflug-an-den-see\/","title":{"rendered":"Ausflug an den See"},"content":{"rendered":"<p>Ein strahlender Tag am See bot den Kindern eine herrliche Gelegenheit, die Seepromenade zu erkunden und die Sch\u00f6nheit der Natur zu geniessen. Gemeinsam mit ihren Betreuerinnen begaben sie sich auf ein Abenteuer voller Entdeckungen und frischer Luft.<\/p>\n<p>Entlang der Seepromenade wanderten die Kinder neugierig entlang und erkundeten die vielf\u00e4ltige Umgebung. Sie bestaunten die sanften Wellen des Sees, beobachteten die vorbeiziehenden Boote und lauschten dem Rauschen des Wassers.<\/p>\n<p>Die Betreuerinnen nutzten die Gelegenheit, um mit den Kindern \u00fcber die Bedeutung des Wassers und die Tierwelt im See zu sprechen. Die Kinder lernten spielerisch \u00fcber die verschiedenen Pflanzen und Tiere, die in und um den See leben.<\/p>\n<p>Ein Picknick auf einer gr\u00fcnen Wiese entlang der Seepromenade war ein H\u00f6hepunkt des Tages. Die Kinder genossen es, gemeinsam zu essen und die frische Luft zu geniessen, w\u00e4hrend sie die Aussicht auf den glitzernden See bewunderten.<\/p>\n<p>Der Ausflug an den See hatte nicht nur die Wertsch\u00e4tzung f\u00fcr die Natur gest\u00e4rkt, sondern auch die gemeinschaftliche Verbundenheit und das Entdecken neuer Orte gef\u00f6rdert. \ud83c\udf0a\ud83d\udeb6\u200d\u2640\ufe0f\ud83d\udc67\ud83d\udc66<\/p>","protected":false},"excerpt":{"rendered":"<p>Ein strahlender Tag am See bot den Kindern eine herrliche Gelegenheit, die Seepromenade zu erkunden und die Sch\u00f6nheit der Natur zu geniessen. Gemeinsam mit ihren Betreuerinnen begaben sie sich auf ein Abenteuer voller Entdeckungen und frischer Luft. Entlang der Seepromenade wanderten die Kinder neugierig entlang und erkundeten die vielf\u00e4ltige Umgebung. Sie bestaunten die sanften Wellen [&hellip;]<\/p>\n","protected":false},"author":2,"featured_media":12250,"comment_status":"closed","ping_status":"closed","sticky":false,"template":"","format":"standard","meta":{"footnotes":""},"categories":[519],"tags":[],"class_list":["post-12249","post","type-post","status-publish","format-standard","has-post-thumbnail","hentry","category-kinderkrippe-blog"],"_links":{"self":[{"href":"https:\/\/kitabluemli.ch\/en\/wp-json\/wp\/v2\/posts\/12249","targetHints":{"allow":["GET"]}}],"collection":[{"href":"https:\/\/kitabluemli.ch\/en\/wp-json\/wp\/v2\/posts"}],"about":[{"href":"https:\/\/kitabluemli.ch\/en\/wp-json\/wp\/v2\/types\/post"}],"author":[{"embeddable":true,"href":"https:\/\/kitabluemli.ch\/en\/wp-json\/wp\/v2\/users\/2"}],"replies":[{"embeddable":true,"href":"https:\/\/kitabluemli.ch\/en\/wp-json\/wp\/v2\/comments?post=12249"}],"version-history":[{"count":0,"href":"https:\/\/kitabluemli.ch\/en\/wp-json\/wp\/v2\/posts\/12249\/revisions"}],"wp:featuredmedia":[{"embeddable":true,"href":"https:\/\/kitabluemli.ch\/en\/wp-json\/wp\/v2\/media\/12250"}],"wp:attachment":[{"href":"https:\/\/kitabluemli.ch\/en\/wp-json\/wp\/v2\/media?parent=12249"}],"wp:term":[{"taxonomy":"category","embeddable":true,"href":"https:\/\/kitabluemli.ch\/en\/wp-json\/wp\/v2\/categories?post=12249"},{"taxonomy":"post_tag","embeddable":true,"href":"https:\/\/kitabluemli.ch\/en\/wp-json\/wp\/v2\/tags?post=12249"}],"curies":[{"name":"wp","href":"https:\/\/api.w.org\/{rel}","templated":true}]}}