{"id":12252,"date":"2024-04-27T12:00:27","date_gmt":"2024-04-27T10:00:27","guid":{"rendered":"https:\/\/eager-austin.188-34-163-140.plesk.page\/?p=12252"},"modified":"2024-04-27T12:00:27","modified_gmt":"2024-04-27T10:00:27","slug":"mit-kreide-malen-2","status":"publish","type":"post","link":"https:\/\/kitabluemli.ch\/en\/mit-kreide-malen-2\/","title":{"rendered":"Mit Kreide malen"},"content":{"rendered":"<p>Ein sonniger Tag im Freien bot den Kindern die perfekte Gelegenheit, ihre k\u00fcnstlerischen Talente auf eine neue Leinwand zu bringen: den Boden! Gemeinsam mit ihren Betreuerinnen tauchten sie ein in eine Welt voller Farben und Kreativit\u00e4t.<\/p>\n<p>Mit bunten Kreidestiften bewaffnet, machten sich die Kinder daran, den tristen Boden in ein lebendiges Kunstwerk zu verwandeln. Sie zeichneten fr\u00f6hliche Blumen, lustige Tiere und bunte Muster, die den Boden in ein kaleidoskopisches Farbenspiel verwandelten.<\/p>\n<p>Die Betreuerinnen ermutigten die kleinen K\u00fcnstler, ihrer Fantasie freien Lauf zu lassen und ihre Ideen auf den Boden zu bringen. Gemeinsam entstand ein kunterbuntes Gem\u00e4lde, das die Freude und Kreativit\u00e4t der Kinder widerspiegelte.<\/p>\n<p>W\u00e4hrend sie malten, tauschten die Kinder Geschichten und Ideen aus, lachten und teilten ihre Begeisterung f\u00fcr die Kunst. Die Betreuerinnen unterst\u00fctzten sie dabei, neue Techniken zu entdecken und ihre F\u00e4higkeiten weiterzuentwickeln.<\/p>\n<p>Am Ende des Tages betrachteten die Kinder stolz ihr Werk und genossen das Gef\u00fchl, gemeinsam etwas Sch\u00f6nes erschaffen zu haben. Der Tag des kreativen Ausdrucks mit Kreide auf dem Boden war nicht nur eine lustige Aktivit\u00e4t, sondern auch eine Gelegenheit f\u00fcr die Kinder, ihre Fantasie zu entfalten und ihre k\u00fcnstlerischen F\u00e4higkeiten zu entdecken.<\/p>","protected":false},"excerpt":{"rendered":"<p>Ein sonniger Tag im Freien bot den Kindern die perfekte Gelegenheit, ihre k\u00fcnstlerischen Talente auf eine neue Leinwand zu bringen: den Boden! Gemeinsam mit ihren Betreuerinnen tauchten sie ein in eine Welt voller Farben und Kreativit\u00e4t. Mit bunten Kreidestiften bewaffnet, machten sich die Kinder daran, den tristen Boden in ein lebendiges Kunstwerk zu verwandeln. Sie [&hellip;]<\/p>\n","protected":false},"author":2,"featured_media":12253,"comment_status":"closed","ping_status":"closed","sticky":false,"template":"","format":"standard","meta":{"footnotes":""},"categories":[519],"tags":[],"class_list":["post-12252","post","type-post","status-publish","format-standard","has-post-thumbnail","hentry","category-kinderkrippe-blog"],"_links":{"self":[{"href":"https:\/\/kitabluemli.ch\/en\/wp-json\/wp\/v2\/posts\/12252","targetHints":{"allow":["GET"]}}],"collection":[{"href":"https:\/\/kitabluemli.ch\/en\/wp-json\/wp\/v2\/posts"}],"about":[{"href":"https:\/\/kitabluemli.ch\/en\/wp-json\/wp\/v2\/types\/post"}],"author":[{"embeddable":true,"href":"https:\/\/kitabluemli.ch\/en\/wp-json\/wp\/v2\/users\/2"}],"replies":[{"embeddable":true,"href":"https:\/\/kitabluemli.ch\/en\/wp-json\/wp\/v2\/comments?post=12252"}],"version-history":[{"count":0,"href":"https:\/\/kitabluemli.ch\/en\/wp-json\/wp\/v2\/posts\/12252\/revisions"}],"wp:featuredmedia":[{"embeddable":true,"href":"https:\/\/kitabluemli.ch\/en\/wp-json\/wp\/v2\/media\/12253"}],"wp:attachment":[{"href":"https:\/\/kitabluemli.ch\/en\/wp-json\/wp\/v2\/media?parent=12252"}],"wp:term":[{"taxonomy":"category","embeddable":true,"href":"https:\/\/kitabluemli.ch\/en\/wp-json\/wp\/v2\/categories?post=12252"},{"taxonomy":"post_tag","embeddable":true,"href":"https:\/\/kitabluemli.ch\/en\/wp-json\/wp\/v2\/tags?post=12252"}],"curies":[{"name":"wp","href":"https:\/\/api.w.org\/{rel}","templated":true}]}}