{"id":12261,"date":"2024-04-30T13:00:10","date_gmt":"2024-04-30T11:00:10","guid":{"rendered":"https:\/\/eager-austin.188-34-163-140.plesk.page\/?p=12261"},"modified":"2024-04-30T13:00:10","modified_gmt":"2024-04-30T11:00:10","slug":"wer-ist-schneller","status":"publish","type":"post","link":"https:\/\/kitabluemli.ch\/en\/wer-ist-schneller\/","title":{"rendered":"Wer ist schneller?"},"content":{"rendered":"<p>Mit jubelnden Rufen und aufgeregtem Gel\u00e4chter machten sich die kleinen L\u00e4ufer bereit, um die Herausforderung anzunehmen. Die Betreuerinnen markierten einen Streckenverlauf durch den Wald, der die Kinder vor verschiedene Hindernisse und Aufgaben stellte.<\/p>\n<p>In einem wilden Sprint durch das Unterholz zeigten die Kinder ihren Ehrgeiz und ihre Ausdauer.<\/p>\n<p>Die Betreuerinnen feuerten die Kinder an, motivierten sie und ermutigten sie, ihr Bestes zu geben. Das Wettrennen wurde zu einem unvergesslichen Abenteuer, das die Kinder mit einem Gef\u00fchl von Stolz und Gemeinschaft zur\u00fcckliess.<\/p>\n<p>Das Wettrennen im Wald hatte nicht nur ihre k\u00f6rperliche Fitness gest\u00e4rkt, sondern auch ihre Freude an der Natur und den Spass am gemeinsamen Erleben gef\u00f6rdert.<\/p>","protected":false},"excerpt":{"rendered":"<p>Mit jubelnden Rufen und aufgeregtem Gel\u00e4chter machten sich die kleinen L\u00e4ufer bereit, um die Herausforderung anzunehmen. Die Betreuerinnen markierten einen Streckenverlauf durch den Wald, der die Kinder vor verschiedene Hindernisse und Aufgaben stellte. In einem wilden Sprint durch das Unterholz zeigten die Kinder ihren Ehrgeiz und ihre Ausdauer. Die Betreuerinnen feuerten die Kinder an, motivierten [&hellip;]<\/p>\n","protected":false},"author":2,"featured_media":12262,"comment_status":"closed","ping_status":"closed","sticky":false,"template":"","format":"standard","meta":{"footnotes":""},"categories":[520],"tags":[],"class_list":["post-12261","post","type-post","status-publish","format-standard","has-post-thumbnail","hentry","category-waldkinderkrippe-blog"],"_links":{"self":[{"href":"https:\/\/kitabluemli.ch\/en\/wp-json\/wp\/v2\/posts\/12261","targetHints":{"allow":["GET"]}}],"collection":[{"href":"https:\/\/kitabluemli.ch\/en\/wp-json\/wp\/v2\/posts"}],"about":[{"href":"https:\/\/kitabluemli.ch\/en\/wp-json\/wp\/v2\/types\/post"}],"author":[{"embeddable":true,"href":"https:\/\/kitabluemli.ch\/en\/wp-json\/wp\/v2\/users\/2"}],"replies":[{"embeddable":true,"href":"https:\/\/kitabluemli.ch\/en\/wp-json\/wp\/v2\/comments?post=12261"}],"version-history":[{"count":0,"href":"https:\/\/kitabluemli.ch\/en\/wp-json\/wp\/v2\/posts\/12261\/revisions"}],"wp:featuredmedia":[{"embeddable":true,"href":"https:\/\/kitabluemli.ch\/en\/wp-json\/wp\/v2\/media\/12262"}],"wp:attachment":[{"href":"https:\/\/kitabluemli.ch\/en\/wp-json\/wp\/v2\/media?parent=12261"}],"wp:term":[{"taxonomy":"category","embeddable":true,"href":"https:\/\/kitabluemli.ch\/en\/wp-json\/wp\/v2\/categories?post=12261"},{"taxonomy":"post_tag","embeddable":true,"href":"https:\/\/kitabluemli.ch\/en\/wp-json\/wp\/v2\/tags?post=12261"}],"curies":[{"name":"wp","href":"https:\/\/api.w.org\/{rel}","templated":true}]}}