{"id":12264,"date":"2024-05-03T12:00:30","date_gmt":"2024-05-03T10:00:30","guid":{"rendered":"https:\/\/eager-austin.188-34-163-140.plesk.page\/?p=12264"},"modified":"2025-01-03T14:46:19","modified_gmt":"2025-01-03T13:46:19","slug":"zvieri-auf-unserer-terrasse","status":"publish","type":"post","link":"https:\/\/kitabluemli.ch\/en\/zvieri-auf-unserer-terrasse\/","title":{"rendered":"Zvieri auf unserer Terrasse"},"content":{"rendered":"<p>Ein frischer Hauch von Luft und die warmen Sonnenstrahlen bildeten die perfekte Kulisse f\u00fcr ein gem\u00fctliches Z&#8217;vieri auf unserer Terrasse. Gemeinsam mit ihren Betreuerinnen genossen die Kinder eine entspannte Pause im Freien, umgeben von frischer Luft und guter Gesellschaft.<\/p>\n<p>Mit einem L\u00e4cheln auf den Lippen nahmen sie Platz und liessen sich von den K\u00f6stlichkeiten \u00fcberraschen, die sie erwarteten.<\/p>\n<p>Die Betreuerinnen hatten eine Auswahl an gesunden Snacks und Leckereien vorbereitet, die die Kinder mit Begeisterung verspeisten. Frisches Obst, knuspriges Geb\u00e4ck und erfrischende Getr\u00e4nke sorgten f\u00fcr eine abwechslungsreiche und genussvolle Pause im Freien.<\/p>\n<p>W\u00e4hrend sie gemeinsam assen, tauschten die Kinder Geschichten und Erlebnisse aus, lachten und genossen die angenehme Atmosph\u00e4re auf der Terrasse. Die Betreuerinnen begleiteten sie dabei, unterst\u00fctzten ihre Gespr\u00e4che und f\u00f6rderten ein harmonisches Miteinander.<\/p>\n<p>Am Ende des Z&#8217;vieris verliessen die Kinder die Terrasse mit einem Gef\u00fchl von Zufriedenheit und Freude. Die gemeinsame Mahlzeit im Freien hatte nicht nur ihren Hunger gestillt, sondern auch die Verbundenheit und Gemeinschaft gest\u00e4rkt.<\/p>","protected":false},"excerpt":{"rendered":"<p>Ein frischer Hauch von Luft und die warmen Sonnenstrahlen bildeten die perfekte Kulisse f\u00fcr ein gem\u00fctliches Z&#8217;vieri auf unserer Terrasse. Gemeinsam mit ihren Betreuerinnen genossen die Kinder eine entspannte Pause im Freien, umgeben von frischer Luft und guter Gesellschaft. Mit einem L\u00e4cheln auf den Lippen nahmen sie Platz und liessen sich von den K\u00f6stlichkeiten \u00fcberraschen, [&hellip;]<\/p>\n","protected":false},"author":2,"featured_media":23788,"comment_status":"closed","ping_status":"closed","sticky":false,"template":"","format":"standard","meta":{"footnotes":""},"categories":[519],"tags":[],"class_list":["post-12264","post","type-post","status-publish","format-standard","has-post-thumbnail","hentry","category-kinderkrippe-blog"],"_links":{"self":[{"href":"https:\/\/kitabluemli.ch\/en\/wp-json\/wp\/v2\/posts\/12264","targetHints":{"allow":["GET"]}}],"collection":[{"href":"https:\/\/kitabluemli.ch\/en\/wp-json\/wp\/v2\/posts"}],"about":[{"href":"https:\/\/kitabluemli.ch\/en\/wp-json\/wp\/v2\/types\/post"}],"author":[{"embeddable":true,"href":"https:\/\/kitabluemli.ch\/en\/wp-json\/wp\/v2\/users\/2"}],"replies":[{"embeddable":true,"href":"https:\/\/kitabluemli.ch\/en\/wp-json\/wp\/v2\/comments?post=12264"}],"version-history":[{"count":0,"href":"https:\/\/kitabluemli.ch\/en\/wp-json\/wp\/v2\/posts\/12264\/revisions"}],"wp:featuredmedia":[{"embeddable":true,"href":"https:\/\/kitabluemli.ch\/en\/wp-json\/wp\/v2\/media\/23788"}],"wp:attachment":[{"href":"https:\/\/kitabluemli.ch\/en\/wp-json\/wp\/v2\/media?parent=12264"}],"wp:term":[{"taxonomy":"category","embeddable":true,"href":"https:\/\/kitabluemli.ch\/en\/wp-json\/wp\/v2\/categories?post=12264"},{"taxonomy":"post_tag","embeddable":true,"href":"https:\/\/kitabluemli.ch\/en\/wp-json\/wp\/v2\/tags?post=12264"}],"curies":[{"name":"wp","href":"https:\/\/api.w.org\/{rel}","templated":true}]}}