{"id":12267,"date":"2024-05-06T12:00:19","date_gmt":"2024-05-06T10:00:19","guid":{"rendered":"https:\/\/eager-austin.188-34-163-140.plesk.page\/?p=12267"},"modified":"2024-05-06T12:00:19","modified_gmt":"2024-05-06T10:00:19","slug":"zusammen-sind-wir-stark","status":"publish","type":"post","link":"https:\/\/kitabluemli.ch\/en\/zusammen-sind-wir-stark\/","title":{"rendered":"Zusammen sind wir stark!"},"content":{"rendered":"<p>In der Kinderkrippe Bl\u00fcemli wird das Motto &#171;Zusammen sind wir stark&#187; nicht nur gesagt, sondern gelebt. Hier erfahren die Kinder t\u00e4glich die Bedeutung von Zusammenhalt und Gemeinschaft, und wie diese sie st\u00e4rker machen k\u00f6nnen.<\/p>\n<p>Die Betreuerinnen der Kinderkrippe Bl\u00fcemli ermutigen die Kinder dazu, sich gegenseitig zu unterst\u00fctzen und f\u00fcreinander da zu sein. Gemeinsame Aktivit\u00e4ten und Spiele f\u00f6rdern das Teamwork und das Verst\u00e4ndnis f\u00fcreinander.<\/p>\n<p>Ob beim gemeinsamen Spielen im Freien, beim gemeinsamen Essen oder beim gemeinsamen Lernen &#8211; die Kinder lernen, dass sie durch Zusammenarbeit und Zusammenhalt viel mehr erreichen k\u00f6nnen, als wenn sie alleine handeln.<\/p>\n<p>Durch diese Erfahrungen w\u00e4chst das Vertrauen der Kinder in sich selbst und in ihre Mitmenschen. Sie lernen, dass sie nicht alleine sind und dass sie sich immer auf ihre Freunde und Betreuerinnen verlassen k\u00f6nnen, wenn sie Hilfe brauchen.<\/p>\n<p>Das Motto &#171;Zusammen sind wir stark&#187; ist mehr als nur ein Satz &#8211; es ist ein Leitfaden f\u00fcr das t\u00e4gliche Miteinander in der Kinderkrippe Bl\u00fcemli. Es erinnert die Kinder daran, dass sie Teil einer Gemeinschaft sind, in der jeder einzelne wichtig ist und dass sie gemeinsam alles erreichen k\u00f6nnen.<\/p>","protected":false},"excerpt":{"rendered":"<p>In der Kinderkrippe Bl\u00fcemli wird das Motto &#171;Zusammen sind wir stark&#187; nicht nur gesagt, sondern gelebt. Hier erfahren die Kinder t\u00e4glich die Bedeutung von Zusammenhalt und Gemeinschaft, und wie diese sie st\u00e4rker machen k\u00f6nnen. Die Betreuerinnen der Kinderkrippe Bl\u00fcemli ermutigen die Kinder dazu, sich gegenseitig zu unterst\u00fctzen und f\u00fcreinander da zu sein. Gemeinsame Aktivit\u00e4ten und [&hellip;]<\/p>\n","protected":false},"author":2,"featured_media":12268,"comment_status":"closed","ping_status":"closed","sticky":false,"template":"","format":"standard","meta":{"footnotes":""},"categories":[520],"tags":[],"class_list":["post-12267","post","type-post","status-publish","format-standard","has-post-thumbnail","hentry","category-waldkinderkrippe-blog"],"_links":{"self":[{"href":"https:\/\/kitabluemli.ch\/en\/wp-json\/wp\/v2\/posts\/12267","targetHints":{"allow":["GET"]}}],"collection":[{"href":"https:\/\/kitabluemli.ch\/en\/wp-json\/wp\/v2\/posts"}],"about":[{"href":"https:\/\/kitabluemli.ch\/en\/wp-json\/wp\/v2\/types\/post"}],"author":[{"embeddable":true,"href":"https:\/\/kitabluemli.ch\/en\/wp-json\/wp\/v2\/users\/2"}],"replies":[{"embeddable":true,"href":"https:\/\/kitabluemli.ch\/en\/wp-json\/wp\/v2\/comments?post=12267"}],"version-history":[{"count":0,"href":"https:\/\/kitabluemli.ch\/en\/wp-json\/wp\/v2\/posts\/12267\/revisions"}],"wp:featuredmedia":[{"embeddable":true,"href":"https:\/\/kitabluemli.ch\/en\/wp-json\/wp\/v2\/media\/12268"}],"wp:attachment":[{"href":"https:\/\/kitabluemli.ch\/en\/wp-json\/wp\/v2\/media?parent=12267"}],"wp:term":[{"taxonomy":"category","embeddable":true,"href":"https:\/\/kitabluemli.ch\/en\/wp-json\/wp\/v2\/categories?post=12267"},{"taxonomy":"post_tag","embeddable":true,"href":"https:\/\/kitabluemli.ch\/en\/wp-json\/wp\/v2\/tags?post=12267"}],"curies":[{"name":"wp","href":"https:\/\/api.w.org\/{rel}","templated":true}]}}