{"id":12276,"date":"2024-05-27T12:00:25","date_gmt":"2024-05-27T10:00:25","guid":{"rendered":"https:\/\/eager-austin.188-34-163-140.plesk.page\/?p=12276"},"modified":"2024-05-27T12:00:25","modified_gmt":"2024-05-27T10:00:25","slug":"muttertagsbasteln","status":"publish","type":"post","link":"https:\/\/kitabluemli.ch\/en\/muttertagsbasteln\/","title":{"rendered":"Muttertagsbasteln"},"content":{"rendered":"<p>Die Kinder und ihre V\u00e4ter haben sich k\u00fcrzlich zu einer besonderen Bastelstunde versammelt, um einzigartige Teller f\u00fcr den Muttertag zu gestalten. Mit viel Begeisterung und Kreativit\u00e4t verwandelten sie einfache weisse Teller in farbenfrohe Kunstwerke, die den M\u00fcttern eine besondere Freude bereiten sollen.<\/p>\n<p>Die Betreuerinnen hatten alle notwendigen Materialien vorbereitet. Gemeinsam mit ihren V\u00e4tern machten sich die Kinder daran, ihre Ideen auf die Teller zu bringen. Die Atmosph\u00e4re war erf\u00fcllt von Lachen und konzentriertem Arbeiten, w\u00e4hrend jeder Teller langsam Gestalt annahm.<\/p>\n<p>Die V\u00e4ter halfen ihren Kindern dabei, ihre k\u00fcnstlerischen Visionen umzusetzen, und gaben Tipps und Unterst\u00fctzung, wo sie gebraucht wurden. Es war ein wundersch\u00f6ner Moment des Zusammenhalts und der Zusammenarbeit, der die Bindungen zwischen V\u00e4tern und Kindern st\u00e4rkte.<\/p>\n<p>Am Ende des Tages hielten die Kinder stolz ihre bemalten Teller in den H\u00e4nden. Jedes Kunstwerk war einzigartig und spiegelte die Liebe und Kreativit\u00e4t wider, die in seine Gestaltung geflossen waren. Diese besonderen Muttertagsgeschenke werden sicherlich f\u00fcr leuchtende Augen und gl\u00fcckliche Herzen sorgen.<\/p>\n<p>Die gemeinsame Bastelstunde war nicht nur eine kreative Aktivit\u00e4t, sondern auch eine wertvolle Erfahrung, die die Gemeinschaft weiter festigte.<\/p>","protected":false},"excerpt":{"rendered":"<p>Die Kinder und ihre V\u00e4ter haben sich k\u00fcrzlich zu einer besonderen Bastelstunde versammelt, um einzigartige Teller f\u00fcr den Muttertag zu gestalten. Mit viel Begeisterung und Kreativit\u00e4t verwandelten sie einfache weisse Teller in farbenfrohe Kunstwerke, die den M\u00fcttern eine besondere Freude bereiten sollen. Die Betreuerinnen hatten alle notwendigen Materialien vorbereitet. Gemeinsam mit ihren V\u00e4tern machten sich [&hellip;]<\/p>\n","protected":false},"author":2,"featured_media":12277,"comment_status":"closed","ping_status":"closed","sticky":false,"template":"","format":"standard","meta":{"footnotes":""},"categories":[519],"tags":[],"class_list":["post-12276","post","type-post","status-publish","format-standard","has-post-thumbnail","hentry","category-kinderkrippe-blog"],"_links":{"self":[{"href":"https:\/\/kitabluemli.ch\/en\/wp-json\/wp\/v2\/posts\/12276","targetHints":{"allow":["GET"]}}],"collection":[{"href":"https:\/\/kitabluemli.ch\/en\/wp-json\/wp\/v2\/posts"}],"about":[{"href":"https:\/\/kitabluemli.ch\/en\/wp-json\/wp\/v2\/types\/post"}],"author":[{"embeddable":true,"href":"https:\/\/kitabluemli.ch\/en\/wp-json\/wp\/v2\/users\/2"}],"replies":[{"embeddable":true,"href":"https:\/\/kitabluemli.ch\/en\/wp-json\/wp\/v2\/comments?post=12276"}],"version-history":[{"count":0,"href":"https:\/\/kitabluemli.ch\/en\/wp-json\/wp\/v2\/posts\/12276\/revisions"}],"wp:featuredmedia":[{"embeddable":true,"href":"https:\/\/kitabluemli.ch\/en\/wp-json\/wp\/v2\/media\/12277"}],"wp:attachment":[{"href":"https:\/\/kitabluemli.ch\/en\/wp-json\/wp\/v2\/media?parent=12276"}],"wp:term":[{"taxonomy":"category","embeddable":true,"href":"https:\/\/kitabluemli.ch\/en\/wp-json\/wp\/v2\/categories?post=12276"},{"taxonomy":"post_tag","embeddable":true,"href":"https:\/\/kitabluemli.ch\/en\/wp-json\/wp\/v2\/tags?post=12276"}],"curies":[{"name":"wp","href":"https:\/\/api.w.org\/{rel}","templated":true}]}}