{"id":12282,"date":"2024-06-02T12:00:08","date_gmt":"2024-06-02T10:00:08","guid":{"rendered":"https:\/\/eager-austin.188-34-163-140.plesk.page\/?p=12282"},"modified":"2024-06-02T12:00:08","modified_gmt":"2024-06-02T10:00:08","slug":"auf-die-gspaenli-warten","status":"publish","type":"post","link":"https:\/\/kitabluemli.ch\/en\/auf-die-gspaenli-warten\/","title":{"rendered":"Auf die gsp\u00e4nli warten"},"content":{"rendered":"<p>W\u00e4hrend eines spannenden Ausflugs setzten sich einige Kinder auf eine gem\u00fctliche Bank, um auf ihre Gsp\u00e4nli zu warten.<\/p>\n<p>Inmitten des Waldes, umgeben von hohen B\u00e4umen und zwitschernden V\u00f6geln, genossen die Kinder die ruhigen Momente auf der Bank. Sie unterhielten sich, erz\u00e4hlten sich Geschichten und beobachteten die Natur um sie herum. Die Betreuerinnen nutzten die Gelegenheit, um den Kindern mehr \u00fcber den Wald und seine Bewohner zu erz\u00e4hlen.<\/p>\n<p>Die Bank wurde zu einem kleinen Treffpunkt, an dem die Kinder ihre Eindr\u00fccke und Entdeckungen austauschen konnten. Es war ein Moment der Ruhe und des Beisammenseins, bevor das Abenteuer weiterging.<\/p>\n<p>Als schliesslich die restlichen Kinder dazukamen, war die Freude gross. Gemeinsam setzten sie ihren Waldspaziergang fort, bereit f\u00fcr neue Entdeckungen und Abenteuer. Diese gemeinsamen Momente im Wald st\u00e4rkten nicht nur ihre Freundschaften, sondern auch ihr Verst\u00e4ndnis und ihre Wertsch\u00e4tzung f\u00fcr die Natur.<\/p>","protected":false},"excerpt":{"rendered":"<p>W\u00e4hrend eines spannenden Ausflugs setzten sich einige Kinder auf eine gem\u00fctliche Bank, um auf ihre Gsp\u00e4nli zu warten. Inmitten des Waldes, umgeben von hohen B\u00e4umen und zwitschernden V\u00f6geln, genossen die Kinder die ruhigen Momente auf der Bank. Sie unterhielten sich, erz\u00e4hlten sich Geschichten und beobachteten die Natur um sie herum. Die Betreuerinnen nutzten die Gelegenheit, [&hellip;]<\/p>\n","protected":false},"author":2,"featured_media":12283,"comment_status":"closed","ping_status":"closed","sticky":false,"template":"","format":"standard","meta":{"footnotes":""},"categories":[520],"tags":[],"class_list":["post-12282","post","type-post","status-publish","format-standard","has-post-thumbnail","hentry","category-waldkinderkrippe-blog"],"_links":{"self":[{"href":"https:\/\/kitabluemli.ch\/en\/wp-json\/wp\/v2\/posts\/12282","targetHints":{"allow":["GET"]}}],"collection":[{"href":"https:\/\/kitabluemli.ch\/en\/wp-json\/wp\/v2\/posts"}],"about":[{"href":"https:\/\/kitabluemli.ch\/en\/wp-json\/wp\/v2\/types\/post"}],"author":[{"embeddable":true,"href":"https:\/\/kitabluemli.ch\/en\/wp-json\/wp\/v2\/users\/2"}],"replies":[{"embeddable":true,"href":"https:\/\/kitabluemli.ch\/en\/wp-json\/wp\/v2\/comments?post=12282"}],"version-history":[{"count":0,"href":"https:\/\/kitabluemli.ch\/en\/wp-json\/wp\/v2\/posts\/12282\/revisions"}],"wp:featuredmedia":[{"embeddable":true,"href":"https:\/\/kitabluemli.ch\/en\/wp-json\/wp\/v2\/media\/12283"}],"wp:attachment":[{"href":"https:\/\/kitabluemli.ch\/en\/wp-json\/wp\/v2\/media?parent=12282"}],"wp:term":[{"taxonomy":"category","embeddable":true,"href":"https:\/\/kitabluemli.ch\/en\/wp-json\/wp\/v2\/categories?post=12282"},{"taxonomy":"post_tag","embeddable":true,"href":"https:\/\/kitabluemli.ch\/en\/wp-json\/wp\/v2\/tags?post=12282"}],"curies":[{"name":"wp","href":"https:\/\/api.w.org\/{rel}","templated":true}]}}