{"id":12288,"date":"2024-06-08T12:00:53","date_gmt":"2024-06-08T10:00:53","guid":{"rendered":"https:\/\/eager-austin.188-34-163-140.plesk.page\/?p=12288"},"modified":"2024-06-08T12:00:53","modified_gmt":"2024-06-08T10:00:53","slug":"blaetter-beobachten","status":"publish","type":"post","link":"https:\/\/kitabluemli.ch\/en\/blaetter-beobachten\/","title":{"rendered":"Bl\u00e4tter beobachten"},"content":{"rendered":"<p>Die Kinder haben einen spannenden Tag im Wald verbracht, um die Vielfalt der Bl\u00e4tter zu entdecken und zu beobachten. Mit grosser Neugier und Begeisterung erkundeten sie die unterschiedlichen Formen, Farben und Texturen der Bl\u00e4tter, die sie \u00fcberall umgaben.<\/p>\n<p>Gemeinsam mit ihren Betreuerinnen machten sich die Kinder auf den Weg durch den Wald. Sie suchten nach interessanten Bl\u00e4ttern auf dem Boden und an den B\u00e4umen. Die Betreuerinnen erkl\u00e4rten den Kindern die verschiedenen Baumarten und wie man sie anhand der Bl\u00e4tter erkennen kann.<\/p>\n<p>Die Kinder nahmen sich Zeit, jedes Blatt genau zu betrachten. Sie f\u00fchlten die glatte Oberfl\u00e4che eines Ahornblattes, bestaunten die gezackten R\u00e4nder einer Kastanienblatt und verglichen die verschiedenen Gr\u00fcnt\u00f6ne der Eichenbl\u00e4tter. Die Betreuerinnen beantworteten geduldig alle Fragen und ermutigten die Kinder, ihre eigenen Entdeckungen zu machen.<\/p>\n<p>Diese Entdeckungsreise in die Welt der Bl\u00e4tter bot den Kindern nicht nur eine lehrreiche Erfahrung, sondern f\u00f6rderte auch ihre Achtsamkeit und Wertsch\u00e4tzung f\u00fcr die Natur. Mit strahlenden Augen und einer Sammlung von Bl\u00e4ttern kehrten die kleinen Forscher schliesslich zur\u00fcck, wo sie ihre Funde stolz pr\u00e4sentierten und dar\u00fcber sprachen.<\/p>\n<p>Das Beobachten und Entdecken der Bl\u00e4tter im Wald war ein wunderbares Erlebnis, das die Neugier und das Interesse der Kinder an der Natur weiter entfachte und ihre Verbundenheit mit der Umwelt st\u00e4rkte.<\/p>","protected":false},"excerpt":{"rendered":"<p>Die Kinder haben einen spannenden Tag im Wald verbracht, um die Vielfalt der Bl\u00e4tter zu entdecken und zu beobachten. Mit grosser Neugier und Begeisterung erkundeten sie die unterschiedlichen Formen, Farben und Texturen der Bl\u00e4tter, die sie \u00fcberall umgaben. Gemeinsam mit ihren Betreuerinnen machten sich die Kinder auf den Weg durch den Wald. Sie suchten nach [&hellip;]<\/p>\n","protected":false},"author":2,"featured_media":12289,"comment_status":"closed","ping_status":"closed","sticky":false,"template":"","format":"standard","meta":{"footnotes":""},"categories":[520],"tags":[],"class_list":["post-12288","post","type-post","status-publish","format-standard","has-post-thumbnail","hentry","category-waldkinderkrippe-blog"],"_links":{"self":[{"href":"https:\/\/kitabluemli.ch\/en\/wp-json\/wp\/v2\/posts\/12288","targetHints":{"allow":["GET"]}}],"collection":[{"href":"https:\/\/kitabluemli.ch\/en\/wp-json\/wp\/v2\/posts"}],"about":[{"href":"https:\/\/kitabluemli.ch\/en\/wp-json\/wp\/v2\/types\/post"}],"author":[{"embeddable":true,"href":"https:\/\/kitabluemli.ch\/en\/wp-json\/wp\/v2\/users\/2"}],"replies":[{"embeddable":true,"href":"https:\/\/kitabluemli.ch\/en\/wp-json\/wp\/v2\/comments?post=12288"}],"version-history":[{"count":0,"href":"https:\/\/kitabluemli.ch\/en\/wp-json\/wp\/v2\/posts\/12288\/revisions"}],"wp:featuredmedia":[{"embeddable":true,"href":"https:\/\/kitabluemli.ch\/en\/wp-json\/wp\/v2\/media\/12289"}],"wp:attachment":[{"href":"https:\/\/kitabluemli.ch\/en\/wp-json\/wp\/v2\/media?parent=12288"}],"wp:term":[{"taxonomy":"category","embeddable":true,"href":"https:\/\/kitabluemli.ch\/en\/wp-json\/wp\/v2\/categories?post=12288"},{"taxonomy":"post_tag","embeddable":true,"href":"https:\/\/kitabluemli.ch\/en\/wp-json\/wp\/v2\/tags?post=12288"}],"curies":[{"name":"wp","href":"https:\/\/api.w.org\/{rel}","templated":true}]}}