{"id":12291,"date":"2024-06-11T12:00:26","date_gmt":"2024-06-11T10:00:26","guid":{"rendered":"https:\/\/eager-austin.188-34-163-140.plesk.page\/?p=12291"},"modified":"2024-06-11T12:00:26","modified_gmt":"2024-06-11T10:00:26","slug":"mit-dem-oev-unterwegs","status":"publish","type":"post","link":"https:\/\/kitabluemli.ch\/en\/mit-dem-oev-unterwegs\/","title":{"rendered":"Mit dem \u00d6V unterwegs"},"content":{"rendered":"<p>Mit strahlenden Augen und voller Vorfreude betraten die kleinen Abenteurer den Bus oder die Bahn und liessen sich von der Fahrt begeistern.<\/p>\n<p>W\u00e4hrend der Fahrt beobachteten die Kinder aufmerksam die vorbeiziehenden Landschaften und die Menschen um sie herum. Sie waren fasziniert von den verschiedenen Stationen und Haltestellen, die sie passierten, und freuten sich \u00fcber jede neue Entdeckung.<\/p>\n<p>Die Betreuerinnen nutzten die Gelegenheit, um den Kindern die Funktionsweise des \u00f6ffentlichen Verkehrs zu erkl\u00e4ren und ihnen wichtige Verhaltensregeln beizubringen. Die Kinder lernten, wie man richtig ein- und aussteigt, wie man sich w\u00e4hrend der Fahrt verh\u00e4lt und wie man sich im Bus oder Zug sicher bewegt.<\/p>\n<p>Die Fahrt mit dem \u00f6ffentlichen Verkehrsmittel war nicht nur ein spannendes Erlebnis, sondern auch eine lehrreiche Erfahrung f\u00fcr die Kinder. Sie lernten nicht nur etwas \u00fcber Mobilit\u00e4t und Verkehrssicherheit, sondern auch \u00fcber die Welt um sie herum und die Menschen, die sie jeden Tag treffen.<\/p>\n<p>Am Ziel angekommen, strahlten die Kinder vor Aufregung und Vorfreude auf die kommenden Abenteuer. Die Fahrt mit dem \u00d6V hatte ihre Neugier geweckt und ihre Lust auf Entdeckungen geweckt. Mit einem L\u00e4cheln im Gesicht und voller Energie machten sie sich bereit, die Welt zu erkunden und neue Abenteuer zu erleben.<\/p>","protected":false},"excerpt":{"rendered":"<p>Mit strahlenden Augen und voller Vorfreude betraten die kleinen Abenteurer den Bus oder die Bahn und liessen sich von der Fahrt begeistern. W\u00e4hrend der Fahrt beobachteten die Kinder aufmerksam die vorbeiziehenden Landschaften und die Menschen um sie herum. Sie waren fasziniert von den verschiedenen Stationen und Haltestellen, die sie passierten, und freuten sich \u00fcber jede [&hellip;]<\/p>\n","protected":false},"author":2,"featured_media":12292,"comment_status":"closed","ping_status":"closed","sticky":false,"template":"","format":"standard","meta":{"footnotes":""},"categories":[519],"tags":[],"class_list":["post-12291","post","type-post","status-publish","format-standard","has-post-thumbnail","hentry","category-kinderkrippe-blog"],"_links":{"self":[{"href":"https:\/\/kitabluemli.ch\/en\/wp-json\/wp\/v2\/posts\/12291","targetHints":{"allow":["GET"]}}],"collection":[{"href":"https:\/\/kitabluemli.ch\/en\/wp-json\/wp\/v2\/posts"}],"about":[{"href":"https:\/\/kitabluemli.ch\/en\/wp-json\/wp\/v2\/types\/post"}],"author":[{"embeddable":true,"href":"https:\/\/kitabluemli.ch\/en\/wp-json\/wp\/v2\/users\/2"}],"replies":[{"embeddable":true,"href":"https:\/\/kitabluemli.ch\/en\/wp-json\/wp\/v2\/comments?post=12291"}],"version-history":[{"count":0,"href":"https:\/\/kitabluemli.ch\/en\/wp-json\/wp\/v2\/posts\/12291\/revisions"}],"wp:featuredmedia":[{"embeddable":true,"href":"https:\/\/kitabluemli.ch\/en\/wp-json\/wp\/v2\/media\/12292"}],"wp:attachment":[{"href":"https:\/\/kitabluemli.ch\/en\/wp-json\/wp\/v2\/media?parent=12291"}],"wp:term":[{"taxonomy":"category","embeddable":true,"href":"https:\/\/kitabluemli.ch\/en\/wp-json\/wp\/v2\/categories?post=12291"},{"taxonomy":"post_tag","embeddable":true,"href":"https:\/\/kitabluemli.ch\/en\/wp-json\/wp\/v2\/tags?post=12291"}],"curies":[{"name":"wp","href":"https:\/\/api.w.org\/{rel}","templated":true}]}}