{"id":12295,"date":"2024-06-14T12:00:16","date_gmt":"2024-06-14T10:00:16","guid":{"rendered":"https:\/\/eager-austin.188-34-163-140.plesk.page\/?p=12295"},"modified":"2024-06-14T12:00:16","modified_gmt":"2024-06-14T10:00:16","slug":"wasserspass","status":"publish","type":"post","link":"https:\/\/kitabluemli.ch\/en\/wasserspass\/","title":{"rendered":"Wasserspass"},"content":{"rendered":"<p>Ein regnerischer Tag hielt die Kinder nicht davon ab, draussen zu spielen und Spass zu haben. Im Gegenteil, die Pf\u00fctzen, die sich nach dem Regen gebildet hatten, boten eine perfekte Gelegenheit f\u00fcr ein fr\u00f6hliches Pf\u00fctzenh\u00fcpfen.<\/p>\n<p>Mit Gummistiefeln und Regenjacken ausgestattet, st\u00fcrzten sich die Kinder voller Begeisterung in die Pf\u00fctzen. Sie h\u00fcpften von einer Pf\u00fctze zur n\u00e4chsten, spritzten mit den F\u00fcssen das Wasser hoch und lachten dabei aus vollem Herzen.<\/p>\n<p>Die Betreuerinnen schauten l\u00e4chelnd zu, w\u00e4hrend die Kinder ihren Spass hatten. Sie ermutigten sie, sich auszutoben und den Moment zu geniessen, und sorgten gleichzeitig daf\u00fcr, dass alle sicher blieben.<\/p>\n<p>Das Pf\u00fctzenh\u00fcpfen war nicht nur ein lustiges Spiel, sondern auch eine M\u00f6glichkeit f\u00fcr die Kinder, die Natur zu erleben und die Sch\u00f6nheit des Regens zu entdecken. Es war ein Moment der Freude und des Zusammenhalts, der die Kinder noch enger zusammenbrachte.<\/p>","protected":false},"excerpt":{"rendered":"<p>Ein regnerischer Tag hielt die Kinder nicht davon ab, draussen zu spielen und Spass zu haben. Im Gegenteil, die Pf\u00fctzen, die sich nach dem Regen gebildet hatten, boten eine perfekte Gelegenheit f\u00fcr ein fr\u00f6hliches Pf\u00fctzenh\u00fcpfen. Mit Gummistiefeln und Regenjacken ausgestattet, st\u00fcrzten sich die Kinder voller Begeisterung in die Pf\u00fctzen. Sie h\u00fcpften von einer Pf\u00fctze zur [&hellip;]<\/p>\n","protected":false},"author":2,"featured_media":12296,"comment_status":"closed","ping_status":"closed","sticky":false,"template":"","format":"standard","meta":{"footnotes":""},"categories":[520],"tags":[],"class_list":["post-12295","post","type-post","status-publish","format-standard","has-post-thumbnail","hentry","category-waldkinderkrippe-blog"],"_links":{"self":[{"href":"https:\/\/kitabluemli.ch\/en\/wp-json\/wp\/v2\/posts\/12295","targetHints":{"allow":["GET"]}}],"collection":[{"href":"https:\/\/kitabluemli.ch\/en\/wp-json\/wp\/v2\/posts"}],"about":[{"href":"https:\/\/kitabluemli.ch\/en\/wp-json\/wp\/v2\/types\/post"}],"author":[{"embeddable":true,"href":"https:\/\/kitabluemli.ch\/en\/wp-json\/wp\/v2\/users\/2"}],"replies":[{"embeddable":true,"href":"https:\/\/kitabluemli.ch\/en\/wp-json\/wp\/v2\/comments?post=12295"}],"version-history":[{"count":0,"href":"https:\/\/kitabluemli.ch\/en\/wp-json\/wp\/v2\/posts\/12295\/revisions"}],"wp:featuredmedia":[{"embeddable":true,"href":"https:\/\/kitabluemli.ch\/en\/wp-json\/wp\/v2\/media\/12296"}],"wp:attachment":[{"href":"https:\/\/kitabluemli.ch\/en\/wp-json\/wp\/v2\/media?parent=12295"}],"wp:term":[{"taxonomy":"category","embeddable":true,"href":"https:\/\/kitabluemli.ch\/en\/wp-json\/wp\/v2\/categories?post=12295"},{"taxonomy":"post_tag","embeddable":true,"href":"https:\/\/kitabluemli.ch\/en\/wp-json\/wp\/v2\/tags?post=12295"}],"curies":[{"name":"wp","href":"https:\/\/api.w.org\/{rel}","templated":true}]}}