{"id":12298,"date":"2024-06-17T12:00:53","date_gmt":"2024-06-17T10:00:53","guid":{"rendered":"https:\/\/eager-austin.188-34-163-140.plesk.page\/?p=12298"},"modified":"2025-01-03T14:47:56","modified_gmt":"2025-01-03T13:47:56","slug":"zvieri-draussen-essen","status":"publish","type":"post","link":"https:\/\/kitabluemli.ch\/en\/zvieri-draussen-essen\/","title":{"rendered":"Zvieri draussen essen"},"content":{"rendered":"<p>Ein sonniger Tag bot den Kindern die perfekte Gelegenheit, ihr Z&#8217;vieri im Freien zu geniessen. Gemeinsam mit ihren Betreuerinnen machten sie es sich draussen gem\u00fctlich und liessen sich ihre kleinen Snacks schmecken.<\/p>\n<p>Auf Picknickdecken sitzend, genossen die Kinder ihr Z&#8217;vieri inmitten der Natur. Sie naschten an frischem Obst, knusprigen Crackern und leckeren Snacks, w\u00e4hrend sie die warme Sonne auf ihrer Haut sp\u00fcrten und die frische Luft um sie herum einatmeten.<\/p>\n<p>Die Betreuerinnen nutzten die Gelegenheit, um mit den Kindern \u00fcber gesunde Ern\u00e4hrung und die Bedeutung von frischen Lebensmitteln zu sprechen. Sie erkl\u00e4rten den Kindern, woher die verschiedenen Lebensmittel kommen und wie wichtig es ist, sich ausgewogen zu ern\u00e4hren.<\/p>\n<p>Das Z&#8217;vieri im Freien war nicht nur eine kulinarische Freude, sondern auch eine wertvolle Erfahrung f\u00fcr die Kinder. Sie lernten, die Natur zu sch\u00e4tzen und die kleinen Momente im Leben zu geniessen. Mit vollen B\u00e4uchen und strahlenden Gesichtern kehrten die Kinder schliesslich zur\u00fcck, bereit f\u00fcr neue Abenteuer und Erlebnisse<\/p>","protected":false},"excerpt":{"rendered":"<p>Ein sonniger Tag bot den Kindern die perfekte Gelegenheit, ihr Z&#8217;vieri im Freien zu geniessen. Gemeinsam mit ihren Betreuerinnen machten sie es sich draussen gem\u00fctlich und liessen sich ihre kleinen Snacks schmecken. Auf Picknickdecken sitzend, genossen die Kinder ihr Z&#8217;vieri inmitten der Natur. Sie naschten an frischem Obst, knusprigen Crackern und leckeren Snacks, w\u00e4hrend sie [&hellip;]<\/p>\n","protected":false},"author":2,"featured_media":12299,"comment_status":"closed","ping_status":"closed","sticky":false,"template":"","format":"standard","meta":{"footnotes":""},"categories":[519],"tags":[],"class_list":["post-12298","post","type-post","status-publish","format-standard","has-post-thumbnail","hentry","category-kinderkrippe-blog"],"_links":{"self":[{"href":"https:\/\/kitabluemli.ch\/en\/wp-json\/wp\/v2\/posts\/12298","targetHints":{"allow":["GET"]}}],"collection":[{"href":"https:\/\/kitabluemli.ch\/en\/wp-json\/wp\/v2\/posts"}],"about":[{"href":"https:\/\/kitabluemli.ch\/en\/wp-json\/wp\/v2\/types\/post"}],"author":[{"embeddable":true,"href":"https:\/\/kitabluemli.ch\/en\/wp-json\/wp\/v2\/users\/2"}],"replies":[{"embeddable":true,"href":"https:\/\/kitabluemli.ch\/en\/wp-json\/wp\/v2\/comments?post=12298"}],"version-history":[{"count":0,"href":"https:\/\/kitabluemli.ch\/en\/wp-json\/wp\/v2\/posts\/12298\/revisions"}],"wp:featuredmedia":[{"embeddable":true,"href":"https:\/\/kitabluemli.ch\/en\/wp-json\/wp\/v2\/media\/12299"}],"wp:attachment":[{"href":"https:\/\/kitabluemli.ch\/en\/wp-json\/wp\/v2\/media?parent=12298"}],"wp:term":[{"taxonomy":"category","embeddable":true,"href":"https:\/\/kitabluemli.ch\/en\/wp-json\/wp\/v2\/categories?post=12298"},{"taxonomy":"post_tag","embeddable":true,"href":"https:\/\/kitabluemli.ch\/en\/wp-json\/wp\/v2\/tags?post=12298"}],"curies":[{"name":"wp","href":"https:\/\/api.w.org\/{rel}","templated":true}]}}