{"id":12306,"date":"2024-06-20T12:00:50","date_gmt":"2024-06-20T10:00:50","guid":{"rendered":"https:\/\/eager-austin.188-34-163-140.plesk.page\/?p=12306"},"modified":"2024-06-20T12:00:50","modified_gmt":"2024-06-20T10:00:50","slug":"kindergeburtstag-in-der-kita","status":"publish","type":"post","link":"https:\/\/kitabluemli.ch\/en\/kindergeburtstag-in-der-kita\/","title":{"rendered":"Kindergeburtstag in der KiTa"},"content":{"rendered":"<p>Ein besonderer Tag wurde in der Kinderkrippe gefeiert &#8211; der Geburtstag eines Kindes stand an! Die Eltern brachten einen k\u00f6stlichen Kuchen mit, um diesen freudigen Anlass zu feiern. Es war eine intime Feier, die dennoch voller Herzlichkeit und Freude war.<\/p>\n<p>Die Betreuerinnen hatten die R\u00e4ume liebevoll geschm\u00fcckt und eine gem\u00fctliche Atmosph\u00e4re geschaffen. Bunte Luftballons und Girlanden zauberten ein festliches Ambiente, das die Vorfreude der Kinder noch steigerte.<\/p>\n<p>Gemeinsam sangen die Kinder fr\u00f6hliche Geburtstagslieder und gratulierten dem Geburtstagskind herzlich. Sie genossen den Kuchen, den die Eltern mitgebracht hatten, und naschten von den leckeren Leckereien.<\/p>\n<p>Es war ein Tag voller Lachen, Spiel und Spass, bei dem das Geburtstagskind im Mittelpunkt stand und sich von seinen Freunden und Betreuerinnen liebevoll umsorgt f\u00fchlte.<\/p>","protected":false},"excerpt":{"rendered":"<p>Ein besonderer Tag wurde in der Kinderkrippe gefeiert &#8211; der Geburtstag eines Kindes stand an! Die Eltern brachten einen k\u00f6stlichen Kuchen mit, um diesen freudigen Anlass zu feiern. Es war eine intime Feier, die dennoch voller Herzlichkeit und Freude war. Die Betreuerinnen hatten die R\u00e4ume liebevoll geschm\u00fcckt und eine gem\u00fctliche Atmosph\u00e4re geschaffen. Bunte Luftballons und [&hellip;]<\/p>\n","protected":false},"author":2,"featured_media":12307,"comment_status":"closed","ping_status":"closed","sticky":false,"template":"","format":"standard","meta":{"footnotes":""},"categories":[519],"tags":[],"class_list":["post-12306","post","type-post","status-publish","format-standard","has-post-thumbnail","hentry","category-kinderkrippe-blog"],"_links":{"self":[{"href":"https:\/\/kitabluemli.ch\/en\/wp-json\/wp\/v2\/posts\/12306","targetHints":{"allow":["GET"]}}],"collection":[{"href":"https:\/\/kitabluemli.ch\/en\/wp-json\/wp\/v2\/posts"}],"about":[{"href":"https:\/\/kitabluemli.ch\/en\/wp-json\/wp\/v2\/types\/post"}],"author":[{"embeddable":true,"href":"https:\/\/kitabluemli.ch\/en\/wp-json\/wp\/v2\/users\/2"}],"replies":[{"embeddable":true,"href":"https:\/\/kitabluemli.ch\/en\/wp-json\/wp\/v2\/comments?post=12306"}],"version-history":[{"count":0,"href":"https:\/\/kitabluemli.ch\/en\/wp-json\/wp\/v2\/posts\/12306\/revisions"}],"wp:featuredmedia":[{"embeddable":true,"href":"https:\/\/kitabluemli.ch\/en\/wp-json\/wp\/v2\/media\/12307"}],"wp:attachment":[{"href":"https:\/\/kitabluemli.ch\/en\/wp-json\/wp\/v2\/media?parent=12306"}],"wp:term":[{"taxonomy":"category","embeddable":true,"href":"https:\/\/kitabluemli.ch\/en\/wp-json\/wp\/v2\/categories?post=12306"},{"taxonomy":"post_tag","embeddable":true,"href":"https:\/\/kitabluemli.ch\/en\/wp-json\/wp\/v2\/tags?post=12306"}],"curies":[{"name":"wp","href":"https:\/\/api.w.org\/{rel}","templated":true}]}}