{"id":12312,"date":"2024-06-26T12:00:13","date_gmt":"2024-06-26T10:00:13","guid":{"rendered":"https:\/\/eager-austin.188-34-163-140.plesk.page\/?p=12312"},"modified":"2024-06-26T12:00:13","modified_gmt":"2024-06-26T10:00:13","slug":"vatertagsbasteln","status":"publish","type":"post","link":"https:\/\/kitabluemli.ch\/en\/vatertagsbasteln\/","title":{"rendered":"Vatertagsbasteln"},"content":{"rendered":"<p>Ein besonderer Tag wurde in der Kinderkrippe gefeiert &#8211; der Vatertag! Dieser Tag war eine Gelegenheit f\u00fcr die Kinder, ihren V\u00e4tern ihre Liebe und Wertsch\u00e4tzung zu zeigen. Doch dieses Jahr gab es eine besondere \u00dcberraschung: Die M\u00fctter waren ebenfalls eingeladen und gemeinsam mit den Kindern bastelten sie liebevolle Geschenke f\u00fcr die V\u00e4ter.<\/p>\n<p>Die Betreuerinnen hatten alles vorbereitet, um einen kreativen und spassigen Tag zu gestalten. Mit Farben, Pinseln und grossen Bl\u00e4ttern Papier ausgestattet, machten sich die Kinder gemeinsam mit ihren M\u00fcttern ans Werk. Sie dr\u00fcckten ihre H\u00e4nde in die Farbe und hinterliessen bunte Handabdr\u00fccke auf dem Papier.<\/p>\n<p>Es war ein r\u00fchrender Moment, als die M\u00fctter gemeinsam mit ihren Kindern bastelten und dabei \u00fcber vergangene Erinnerungen sprachen. Die Atmosph\u00e4re war voller Liebe und Gemeinschaft, w\u00e4hrend die Kinder stolz ihre Werke pr\u00e4sentierten.<\/p>\n<p>Die Betreuerinnen unterst\u00fctzten die Familien dabei, ihre kreativen Ideen umzusetzen und sorgten daf\u00fcr, dass jeder Spass beim Basteln hatte. Am Ende des Tages gingen die Kinder gl\u00fccklich nach Hause, mit liebevoll gestalteten Geschenken f\u00fcr ihre V\u00e4ter und kostbaren Erinnerungen an einen besonderen Tag voller Familienliebe.<\/p>","protected":false},"excerpt":{"rendered":"<p>Ein besonderer Tag wurde in der Kinderkrippe gefeiert &#8211; der Vatertag! Dieser Tag war eine Gelegenheit f\u00fcr die Kinder, ihren V\u00e4tern ihre Liebe und Wertsch\u00e4tzung zu zeigen. Doch dieses Jahr gab es eine besondere \u00dcberraschung: Die M\u00fctter waren ebenfalls eingeladen und gemeinsam mit den Kindern bastelten sie liebevolle Geschenke f\u00fcr die V\u00e4ter. Die Betreuerinnen hatten [&hellip;]<\/p>\n","protected":false},"author":2,"featured_media":12314,"comment_status":"closed","ping_status":"closed","sticky":false,"template":"","format":"standard","meta":{"footnotes":""},"categories":[519],"tags":[],"class_list":["post-12312","post","type-post","status-publish","format-standard","has-post-thumbnail","hentry","category-kinderkrippe-blog"],"_links":{"self":[{"href":"https:\/\/kitabluemli.ch\/en\/wp-json\/wp\/v2\/posts\/12312","targetHints":{"allow":["GET"]}}],"collection":[{"href":"https:\/\/kitabluemli.ch\/en\/wp-json\/wp\/v2\/posts"}],"about":[{"href":"https:\/\/kitabluemli.ch\/en\/wp-json\/wp\/v2\/types\/post"}],"author":[{"embeddable":true,"href":"https:\/\/kitabluemli.ch\/en\/wp-json\/wp\/v2\/users\/2"}],"replies":[{"embeddable":true,"href":"https:\/\/kitabluemli.ch\/en\/wp-json\/wp\/v2\/comments?post=12312"}],"version-history":[{"count":0,"href":"https:\/\/kitabluemli.ch\/en\/wp-json\/wp\/v2\/posts\/12312\/revisions"}],"wp:featuredmedia":[{"embeddable":true,"href":"https:\/\/kitabluemli.ch\/en\/wp-json\/wp\/v2\/media\/12314"}],"wp:attachment":[{"href":"https:\/\/kitabluemli.ch\/en\/wp-json\/wp\/v2\/media?parent=12312"}],"wp:term":[{"taxonomy":"category","embeddable":true,"href":"https:\/\/kitabluemli.ch\/en\/wp-json\/wp\/v2\/categories?post=12312"},{"taxonomy":"post_tag","embeddable":true,"href":"https:\/\/kitabluemli.ch\/en\/wp-json\/wp\/v2\/tags?post=12312"}],"curies":[{"name":"wp","href":"https:\/\/api.w.org\/{rel}","templated":true}]}}