{"id":12331,"date":"2024-07-22T12:00:25","date_gmt":"2024-07-22T10:00:25","guid":{"rendered":"https:\/\/eager-austin.188-34-163-140.plesk.page\/?p=12331"},"modified":"2024-07-22T12:00:25","modified_gmt":"2024-07-22T10:00:25","slug":"tief-im-wald","status":"publish","type":"post","link":"https:\/\/kitabluemli.ch\/en\/tief-im-wald\/","title":{"rendered":"Tief im Wald"},"content":{"rendered":"<p>Die Kinder liefen begeistert zwischen den B\u00e4umen umher und fanden bald eine bunte Vielfalt an Blumen, die im Schatten des Waldes bl\u00fchten. Die Betreuerinnen halfen ihnen, die verschiedenen Blumen zu identifizieren und erkl\u00e4rten ihnen, wie wichtig Pflanzen f\u00fcr das \u00d6kosystem sind.<\/p>\n<p>Mit grossem Interesse beugten sich die Kinder \u00fcber die zarten Bl\u00fcten und betrachteten sie aus n\u00e4chster N\u00e4he. Sie f\u00fchlten die weichen Bl\u00fctenbl\u00e4tter, schnupperten an den D\u00fcften und lauschten den Erkl\u00e4rungen ihrer Betreuerinnen. Es war beeindruckend zu sehen, wie aufmerksam die Kinder die Natur um sich herum wahrnahmen und wie sehr sie sich f\u00fcr die Blumen interessierten.<\/p>\n<p>W\u00e4hrend ihrer Wanderung fanden die Kinder auch Moos bedeckte Steine, kleine B\u00e4che und umgest\u00fcrzte Baumst\u00e4mme, die sie \u00fcberklettern konnten. Jede Ecke des Waldes hielt neue \u00dcberraschungen und Lernm\u00f6glichkeiten f\u00fcr sie bereit.<\/p>\n<p>Der Ausflug tief in den Wald war f\u00fcr die Kinder ein aufregendes und lehrreiches Erlebnis. Sie kehrten mit strahlenden Augen und vielen neuen Eindr\u00fccken zur\u00fcck, begeistert von den Geheimnissen und der Sch\u00f6nheit des Waldes.<\/p>","protected":false},"excerpt":{"rendered":"<p>Die Kinder liefen begeistert zwischen den B\u00e4umen umher und fanden bald eine bunte Vielfalt an Blumen, die im Schatten des Waldes bl\u00fchten. Die Betreuerinnen halfen ihnen, die verschiedenen Blumen zu identifizieren und erkl\u00e4rten ihnen, wie wichtig Pflanzen f\u00fcr das \u00d6kosystem sind. Mit grossem Interesse beugten sich die Kinder \u00fcber die zarten Bl\u00fcten und betrachteten sie [&hellip;]<\/p>\n","protected":false},"author":2,"featured_media":12332,"comment_status":"closed","ping_status":"closed","sticky":false,"template":"","format":"standard","meta":{"footnotes":""},"categories":[520],"tags":[],"class_list":["post-12331","post","type-post","status-publish","format-standard","has-post-thumbnail","hentry","category-waldkinderkrippe-blog"],"_links":{"self":[{"href":"https:\/\/kitabluemli.ch\/en\/wp-json\/wp\/v2\/posts\/12331","targetHints":{"allow":["GET"]}}],"collection":[{"href":"https:\/\/kitabluemli.ch\/en\/wp-json\/wp\/v2\/posts"}],"about":[{"href":"https:\/\/kitabluemli.ch\/en\/wp-json\/wp\/v2\/types\/post"}],"author":[{"embeddable":true,"href":"https:\/\/kitabluemli.ch\/en\/wp-json\/wp\/v2\/users\/2"}],"replies":[{"embeddable":true,"href":"https:\/\/kitabluemli.ch\/en\/wp-json\/wp\/v2\/comments?post=12331"}],"version-history":[{"count":0,"href":"https:\/\/kitabluemli.ch\/en\/wp-json\/wp\/v2\/posts\/12331\/revisions"}],"wp:featuredmedia":[{"embeddable":true,"href":"https:\/\/kitabluemli.ch\/en\/wp-json\/wp\/v2\/media\/12332"}],"wp:attachment":[{"href":"https:\/\/kitabluemli.ch\/en\/wp-json\/wp\/v2\/media?parent=12331"}],"wp:term":[{"taxonomy":"category","embeddable":true,"href":"https:\/\/kitabluemli.ch\/en\/wp-json\/wp\/v2\/categories?post=12331"},{"taxonomy":"post_tag","embeddable":true,"href":"https:\/\/kitabluemli.ch\/en\/wp-json\/wp\/v2\/tags?post=12331"}],"curies":[{"name":"wp","href":"https:\/\/api.w.org\/{rel}","templated":true}]}}