{"id":12340,"date":"2024-07-31T12:00:32","date_gmt":"2024-07-31T10:00:32","guid":{"rendered":"https:\/\/eager-austin.188-34-163-140.plesk.page\/?p=12340"},"modified":"2024-07-31T12:00:32","modified_gmt":"2024-07-31T10:00:32","slug":"kletterspass-im-wald","status":"publish","type":"post","link":"https:\/\/kitabluemli.ch\/en\/kletterspass-im-wald\/","title":{"rendered":"Kletterspass im Wald"},"content":{"rendered":"<p>Schon bei der Ankunft im Wald konnten die Kinder ihre Begeisterung kaum zur\u00fcckhalten. Gemeinsam mit ihren Betreuerinnen erkundeten sie die Umgebung und suchten nach den besten Kletterb\u00e4umen und Baumst\u00e4mmen, die es zu entdecken gab.<\/p>\n<p>Die Kinder kletterten mutig \u00fcber umgest\u00fcrzte Baumst\u00e4mme und balancierten geschickt darauf. Mit strahlenden Gesichtern und voller Konzentration testeten sie ihre F\u00e4higkeiten und halfen sich gegenseitig, die Herausforderungen zu meistern. Die Betreuerinnen standen unterst\u00fctzend zur Seite und ermutigten die Kinder, ihre Grenzen auszutesten und Selbstvertrauen zu gewinnen.<\/p>\n<p>Neben dem Klettern nutzten die Kinder die Gelegenheit, die Natur um sie herum zu erkunden. Sie sammelten bunte Bl\u00e4tter, entdeckten kleine Waldtiere und lauschten den Ger\u00e4uschen des Waldes. Es war ein harmonisches Zusammenspiel aus Abenteuer und Naturerfahrung.<\/p>\n<p>Der Tag im Wald st\u00e4rkte nicht nur die k\u00f6rperlichen F\u00e4higkeiten der Kinder, sondern f\u00f6rderte auch ihre Teamarbeit und ihren Zusammenhalt. Mit dreckigen H\u00e4nden, strahlenden Augen und vielen neuen Erfahrungen kehrten die Kinder der zur\u00fcck. Der Kletterspass im Wald war ein voller Erfolg und wird den Kindern noch lange in Erinnerung bleiben.<\/p>","protected":false},"excerpt":{"rendered":"<p>Schon bei der Ankunft im Wald konnten die Kinder ihre Begeisterung kaum zur\u00fcckhalten. Gemeinsam mit ihren Betreuerinnen erkundeten sie die Umgebung und suchten nach den besten Kletterb\u00e4umen und Baumst\u00e4mmen, die es zu entdecken gab. Die Kinder kletterten mutig \u00fcber umgest\u00fcrzte Baumst\u00e4mme und balancierten geschickt darauf. Mit strahlenden Gesichtern und voller Konzentration testeten sie ihre F\u00e4higkeiten [&hellip;]<\/p>\n","protected":false},"author":2,"featured_media":12341,"comment_status":"closed","ping_status":"closed","sticky":false,"template":"","format":"standard","meta":{"footnotes":""},"categories":[520],"tags":[],"class_list":["post-12340","post","type-post","status-publish","format-standard","has-post-thumbnail","hentry","category-waldkinderkrippe-blog"],"_links":{"self":[{"href":"https:\/\/kitabluemli.ch\/en\/wp-json\/wp\/v2\/posts\/12340","targetHints":{"allow":["GET"]}}],"collection":[{"href":"https:\/\/kitabluemli.ch\/en\/wp-json\/wp\/v2\/posts"}],"about":[{"href":"https:\/\/kitabluemli.ch\/en\/wp-json\/wp\/v2\/types\/post"}],"author":[{"embeddable":true,"href":"https:\/\/kitabluemli.ch\/en\/wp-json\/wp\/v2\/users\/2"}],"replies":[{"embeddable":true,"href":"https:\/\/kitabluemli.ch\/en\/wp-json\/wp\/v2\/comments?post=12340"}],"version-history":[{"count":0,"href":"https:\/\/kitabluemli.ch\/en\/wp-json\/wp\/v2\/posts\/12340\/revisions"}],"wp:featuredmedia":[{"embeddable":true,"href":"https:\/\/kitabluemli.ch\/en\/wp-json\/wp\/v2\/media\/12341"}],"wp:attachment":[{"href":"https:\/\/kitabluemli.ch\/en\/wp-json\/wp\/v2\/media?parent=12340"}],"wp:term":[{"taxonomy":"category","embeddable":true,"href":"https:\/\/kitabluemli.ch\/en\/wp-json\/wp\/v2\/categories?post=12340"},{"taxonomy":"post_tag","embeddable":true,"href":"https:\/\/kitabluemli.ch\/en\/wp-json\/wp\/v2\/tags?post=12340"}],"curies":[{"name":"wp","href":"https:\/\/api.w.org\/{rel}","templated":true}]}}