{"id":12357,"date":"2024-08-15T12:00:12","date_gmt":"2024-08-15T10:00:12","guid":{"rendered":"https:\/\/eager-austin.188-34-163-140.plesk.page\/?p=12357"},"modified":"2024-08-15T12:00:12","modified_gmt":"2024-08-15T10:00:12","slug":"gemeinsam-unterwegs","status":"publish","type":"post","link":"https:\/\/kitabluemli.ch\/en\/gemeinsam-unterwegs\/","title":{"rendered":"Gemeinsam unterwegs"},"content":{"rendered":"<p>Bereits an der Haltestelle begann die Aufregung. Die Kinder warteten geduldig auf den Bus und beobachteten gespannt, wie er n\u00e4herkam. Beim Einsteigen halfen die Betreuerinnen den Kindern und sorgten daf\u00fcr, dass jeder einen sicheren Platz fand.<\/p>\n<p>W\u00e4hrend der Fahrt zeigte die Betreuerin den Kindern interessante Orte und erkl\u00e4rte, wie die \u00f6ffentlichen Verkehrsmittel funktionieren. Die Kinder lauschten aufmerksam und stellten viele Fragen. Sie waren fasziniert von der Umgebung, die an den Fenstern vorbeizog, und freuten sich \u00fcber jede neue Entdeckung.<\/p>\n<p>Nach der Busfahrt stiegen die Kinder in eine Stra\u00dfenbahn um. Sie genossen das sanfte Schaukeln und die klappernden Ger\u00e4usche der Schienen. Die Betreuerinnen erkl\u00e4rten den Kindern, wie wichtig die \u00f6ffentlichen Verkehrsmittel f\u00fcr die Stadt Z\u00fcrich sind und wie sie dazu beitragen, die Umwelt zu schonen.<\/p>\n<p>Dieser Ausflug mit den \u00f6ffentlichen Verkehrsmitteln war nicht nur lehrreich, sondern bereitete den Kindern auch viel Freude. Sie lernten, sich in der Stadt zu orientieren, und sammelten wertvolle Erfahrungen, die ihren Alltag bereicherten.<\/p>","protected":false},"excerpt":{"rendered":"<p>Bereits an der Haltestelle begann die Aufregung. Die Kinder warteten geduldig auf den Bus und beobachteten gespannt, wie er n\u00e4herkam. Beim Einsteigen halfen die Betreuerinnen den Kindern und sorgten daf\u00fcr, dass jeder einen sicheren Platz fand. W\u00e4hrend der Fahrt zeigte die Betreuerin den Kindern interessante Orte und erkl\u00e4rte, wie die \u00f6ffentlichen Verkehrsmittel funktionieren. Die Kinder [&hellip;]<\/p>\n","protected":false},"author":2,"featured_media":12358,"comment_status":"closed","ping_status":"closed","sticky":false,"template":"","format":"standard","meta":{"footnotes":""},"categories":[519],"tags":[],"class_list":["post-12357","post","type-post","status-publish","format-standard","has-post-thumbnail","hentry","category-kinderkrippe-blog"],"_links":{"self":[{"href":"https:\/\/kitabluemli.ch\/en\/wp-json\/wp\/v2\/posts\/12357","targetHints":{"allow":["GET"]}}],"collection":[{"href":"https:\/\/kitabluemli.ch\/en\/wp-json\/wp\/v2\/posts"}],"about":[{"href":"https:\/\/kitabluemli.ch\/en\/wp-json\/wp\/v2\/types\/post"}],"author":[{"embeddable":true,"href":"https:\/\/kitabluemli.ch\/en\/wp-json\/wp\/v2\/users\/2"}],"replies":[{"embeddable":true,"href":"https:\/\/kitabluemli.ch\/en\/wp-json\/wp\/v2\/comments?post=12357"}],"version-history":[{"count":0,"href":"https:\/\/kitabluemli.ch\/en\/wp-json\/wp\/v2\/posts\/12357\/revisions"}],"wp:featuredmedia":[{"embeddable":true,"href":"https:\/\/kitabluemli.ch\/en\/wp-json\/wp\/v2\/media\/12358"}],"wp:attachment":[{"href":"https:\/\/kitabluemli.ch\/en\/wp-json\/wp\/v2\/media?parent=12357"}],"wp:term":[{"taxonomy":"category","embeddable":true,"href":"https:\/\/kitabluemli.ch\/en\/wp-json\/wp\/v2\/categories?post=12357"},{"taxonomy":"post_tag","embeddable":true,"href":"https:\/\/kitabluemli.ch\/en\/wp-json\/wp\/v2\/tags?post=12357"}],"curies":[{"name":"wp","href":"https:\/\/api.w.org\/{rel}","templated":true}]}}