{"id":12360,"date":"2024-08-18T12:00:54","date_gmt":"2024-08-18T10:00:54","guid":{"rendered":"https:\/\/eager-austin.188-34-163-140.plesk.page\/?p=12360"},"modified":"2024-08-18T12:00:54","modified_gmt":"2024-08-18T10:00:54","slug":"kindergeburtstag","status":"publish","type":"post","link":"https:\/\/kitabluemli.ch\/en\/kindergeburtstag\/","title":{"rendered":"Kindergeburtstag"},"content":{"rendered":"<p>Ein ganz besonderer Tag: Ein Kind feierte seinen Geburtstag! Die Vorfreude war bei allen Kindern gross, denn Geburtstage sind immer ein Highlight und werden mit viel Freude und Liebe gefeiert.<\/p>\n<p>Schon am Morgen wurde das Geburtstagskind mit einem liebevoll dekorierten Platz empfangen. Die Betreuerinnen hatten einen Geburtstagskuchen vorbereitet, den die Eltern des Geburtstagskindes mitgebracht hatten. Alle Kinder versammelten sich im Kreis und sangen ein fr\u00f6hliches Geburtstagslied, w\u00e4hrend das Geburtstagskind stolz die Kerzen auf dem Kuchen ausblies.<\/p>\n<p>Nach dem Lied \u00fcberreichte die Kita das Geburtstagsgeschenk: eine kleine \u00dcberraschung, die mit grosser Freude entgegengenommen wurde. Die leuchtenden Augen des Geburtstagskindes und das breite L\u00e4cheln zeigten, wie viel dieser besondere Moment bedeutete.<\/p>\n<p>Gemeinsam genossen die Kinder den leckeren Kuchen und erz\u00e4hlten sich Geschichten. Der H\u00f6hepunkt des Tages war der Besuch der Eule UHU, die traditionell bei jedem Geburtstag in der Kita vorbeischaut und f\u00fcr grosse Begeisterung sorgt.<\/p>\n<p>Der Geburtstag war ein voller Erfolg und hinterliess bei allen Kindern sch\u00f6ne Erinnerungen. Es war ein Tag voller Freude, Gemeinschaft und besonderer Momente, der noch lange in den Herzen der Kinder nachklingen wird<\/p>","protected":false},"excerpt":{"rendered":"<p>Ein ganz besonderer Tag: Ein Kind feierte seinen Geburtstag! Die Vorfreude war bei allen Kindern gross, denn Geburtstage sind immer ein Highlight und werden mit viel Freude und Liebe gefeiert. Schon am Morgen wurde das Geburtstagskind mit einem liebevoll dekorierten Platz empfangen. Die Betreuerinnen hatten einen Geburtstagskuchen vorbereitet, den die Eltern des Geburtstagskindes mitgebracht hatten. [&hellip;]<\/p>\n","protected":false},"author":2,"featured_media":12361,"comment_status":"closed","ping_status":"closed","sticky":false,"template":"","format":"standard","meta":{"footnotes":""},"categories":[519],"tags":[],"class_list":["post-12360","post","type-post","status-publish","format-standard","has-post-thumbnail","hentry","category-kinderkrippe-blog"],"_links":{"self":[{"href":"https:\/\/kitabluemli.ch\/en\/wp-json\/wp\/v2\/posts\/12360","targetHints":{"allow":["GET"]}}],"collection":[{"href":"https:\/\/kitabluemli.ch\/en\/wp-json\/wp\/v2\/posts"}],"about":[{"href":"https:\/\/kitabluemli.ch\/en\/wp-json\/wp\/v2\/types\/post"}],"author":[{"embeddable":true,"href":"https:\/\/kitabluemli.ch\/en\/wp-json\/wp\/v2\/users\/2"}],"replies":[{"embeddable":true,"href":"https:\/\/kitabluemli.ch\/en\/wp-json\/wp\/v2\/comments?post=12360"}],"version-history":[{"count":0,"href":"https:\/\/kitabluemli.ch\/en\/wp-json\/wp\/v2\/posts\/12360\/revisions"}],"wp:featuredmedia":[{"embeddable":true,"href":"https:\/\/kitabluemli.ch\/en\/wp-json\/wp\/v2\/media\/12361"}],"wp:attachment":[{"href":"https:\/\/kitabluemli.ch\/en\/wp-json\/wp\/v2\/media?parent=12360"}],"wp:term":[{"taxonomy":"category","embeddable":true,"href":"https:\/\/kitabluemli.ch\/en\/wp-json\/wp\/v2\/categories?post=12360"},{"taxonomy":"post_tag","embeddable":true,"href":"https:\/\/kitabluemli.ch\/en\/wp-json\/wp\/v2\/tags?post=12360"}],"curies":[{"name":"wp","href":"https:\/\/api.w.org\/{rel}","templated":true}]}}