{"id":12366,"date":"2024-08-24T12:00:34","date_gmt":"2024-08-24T10:00:34","guid":{"rendered":"https:\/\/eager-austin.188-34-163-140.plesk.page\/?p=12366"},"modified":"2025-01-07T15:05:20","modified_gmt":"2025-01-07T14:05:20","slug":"den-wald-erkunden","status":"publish","type":"post","link":"https:\/\/kitabluemli.ch\/en\/den-wald-erkunden\/","title":{"rendered":"Den Wald erkunden"},"content":{"rendered":"<p>Mit grossen Augen und voller Neugierde liefen die Kinder \u00fcber die weichen Waldb\u00f6den, umgeben von hohen B\u00e4umen und dem Duft von frischem Laub. Die Betreuerinnen zeigten den Kindern verschiedene Pflanzen und erkl\u00e4rten ihnen die Bedeutung der B\u00e4ume und Str\u00e4ucher, die sie umgaben.<\/p>\n<p>Besonders spannend war die Suche nach kleinen Waldtieren. Die Kinder hoben vorsichtig \u00c4ste und Steine an, um darunter K\u00e4fer, Schnecken und andere kleine Lebewesen zu finden. Mit Begeisterung beobachteten sie die Tiere und stellten viele Fragen \u00fcber deren Lebensweise.<\/p>\n<p>Ein weiterer H\u00f6hepunkt des Tages war das Sammeln von verschiedenen Naturmaterialien. Die Kinder sammelten bunte Bl\u00e4tter, Tannenzapfen und interessante Steine, die sie sp\u00e4ter in der Kita genauer betrachten wollten. Die Betreuerinnen halfen dabei, die Fundst\u00fccke zu sortieren und erkl\u00e4rten den Kindern, was sie alles entdeckt hatten.<\/p>\n<p>Der Ausflug in den Wald war nicht nur lehrreich, sondern bereitete den Kindern auch viel Freude. Sie konnten ihrer Neugier freien Lauf lassen und die Natur mit allen Sinnen erleben. Die Kinder kehrten gl\u00fccklich und voller neuer Eindr\u00fccke zur\u00fcck und erz\u00e4hlten stolz von ihren Abenteuern im Wald<\/p>","protected":false},"excerpt":{"rendered":"<p>Mit grossen Augen und voller Neugierde liefen die Kinder \u00fcber die weichen Waldb\u00f6den, umgeben von hohen B\u00e4umen und dem Duft von frischem Laub. Die Betreuerinnen zeigten den Kindern verschiedene Pflanzen und erkl\u00e4rten ihnen die Bedeutung der B\u00e4ume und Str\u00e4ucher, die sie umgaben. Besonders spannend war die Suche nach kleinen Waldtieren. Die Kinder hoben vorsichtig \u00c4ste [&hellip;]<\/p>\n","protected":false},"author":2,"featured_media":23788,"comment_status":"closed","ping_status":"closed","sticky":false,"template":"","format":"standard","meta":{"footnotes":""},"categories":[520],"tags":[],"class_list":["post-12366","post","type-post","status-publish","format-standard","has-post-thumbnail","hentry","category-waldkinderkrippe-blog"],"_links":{"self":[{"href":"https:\/\/kitabluemli.ch\/en\/wp-json\/wp\/v2\/posts\/12366","targetHints":{"allow":["GET"]}}],"collection":[{"href":"https:\/\/kitabluemli.ch\/en\/wp-json\/wp\/v2\/posts"}],"about":[{"href":"https:\/\/kitabluemli.ch\/en\/wp-json\/wp\/v2\/types\/post"}],"author":[{"embeddable":true,"href":"https:\/\/kitabluemli.ch\/en\/wp-json\/wp\/v2\/users\/2"}],"replies":[{"embeddable":true,"href":"https:\/\/kitabluemli.ch\/en\/wp-json\/wp\/v2\/comments?post=12366"}],"version-history":[{"count":0,"href":"https:\/\/kitabluemli.ch\/en\/wp-json\/wp\/v2\/posts\/12366\/revisions"}],"wp:featuredmedia":[{"embeddable":true,"href":"https:\/\/kitabluemli.ch\/en\/wp-json\/wp\/v2\/media\/23788"}],"wp:attachment":[{"href":"https:\/\/kitabluemli.ch\/en\/wp-json\/wp\/v2\/media?parent=12366"}],"wp:term":[{"taxonomy":"category","embeddable":true,"href":"https:\/\/kitabluemli.ch\/en\/wp-json\/wp\/v2\/categories?post=12366"},{"taxonomy":"post_tag","embeddable":true,"href":"https:\/\/kitabluemli.ch\/en\/wp-json\/wp\/v2\/tags?post=12366"}],"curies":[{"name":"wp","href":"https:\/\/api.w.org\/{rel}","templated":true}]}}