{"id":12383,"date":"2024-09-06T12:00:58","date_gmt":"2024-09-06T10:00:58","guid":{"rendered":"https:\/\/eager-austin.188-34-163-140.plesk.page\/?p=12383"},"modified":"2025-01-03T14:45:22","modified_gmt":"2025-01-03T13:45:22","slug":"draussen-zvieri-essen","status":"publish","type":"post","link":"https:\/\/kitabluemli.ch\/en\/draussen-zvieri-essen\/","title":{"rendered":"Draussen Zvieri essen"},"content":{"rendered":"<p>Ein sch\u00f6ner Ausflug in den Wald bot die perfekte Gelegenheit f\u00fcr ein gemeinsames Z&#8217;vieri im Freien. Umgeben von der Ruhe und Sch\u00f6nheit der Natur genossen die Kinder ihre kleine Mahlzeit unter freiem Himmel.<\/p>\n<p>Nachdem sie den Wald erkundet und viele spannende Entdeckungen gemacht hatten, fanden die Kinder und Betreuerinnen einen gem\u00fctlichen Platz, um sich zu setzen. Die Betreuerinnen hatten leckere Snacks vorbereitet, die die Kinder mit grosser Vorfreude auspackten. Es gab frisches Obst, knusprige Brotst\u00fccke und andere gesunde Leckereien, die die Kinder mit Appetit verzehrten.<\/p>\n<p>Mit einem herrlichen Ausblick auf die gr\u00fcnen B\u00e4ume und das sanfte Rascheln der Bl\u00e4tter genossen die Kinder ihr Z&#8217;vieri und unterhielten sich fr\u00f6hlich. Die entspannte Atmosph\u00e4re des Waldes machte die Mahlzeit zu einem ganz besonderen Erlebnis. Die Kinder tauschten sich \u00fcber ihre bisherigen Erlebnisse aus und lachten zusammen, w\u00e4hrend sie ihre Snacks verzehrten.<\/p>\n<p>Das gemeinsame Z&#8217;vieri im Wald war nicht nur eine leckere Mahlzeit, sondern auch eine wunderbare Gelegenheit f\u00fcr die Kinder, die Natur in vollen Z\u00fcgen zu geniessen und die gemeinsame Zeit in der Gruppe zu sch\u00e4tzen.<\/p>","protected":false},"excerpt":{"rendered":"<p>Ein sch\u00f6ner Ausflug in den Wald bot die perfekte Gelegenheit f\u00fcr ein gemeinsames Z&#8217;vieri im Freien. Umgeben von der Ruhe und Sch\u00f6nheit der Natur genossen die Kinder ihre kleine Mahlzeit unter freiem Himmel. Nachdem sie den Wald erkundet und viele spannende Entdeckungen gemacht hatten, fanden die Kinder und Betreuerinnen einen gem\u00fctlichen Platz, um sich zu [&hellip;]<\/p>\n","protected":false},"author":2,"featured_media":12384,"comment_status":"closed","ping_status":"closed","sticky":false,"template":"","format":"standard","meta":{"footnotes":""},"categories":[520],"tags":[],"class_list":["post-12383","post","type-post","status-publish","format-standard","has-post-thumbnail","hentry","category-waldkinderkrippe-blog"],"_links":{"self":[{"href":"https:\/\/kitabluemli.ch\/en\/wp-json\/wp\/v2\/posts\/12383","targetHints":{"allow":["GET"]}}],"collection":[{"href":"https:\/\/kitabluemli.ch\/en\/wp-json\/wp\/v2\/posts"}],"about":[{"href":"https:\/\/kitabluemli.ch\/en\/wp-json\/wp\/v2\/types\/post"}],"author":[{"embeddable":true,"href":"https:\/\/kitabluemli.ch\/en\/wp-json\/wp\/v2\/users\/2"}],"replies":[{"embeddable":true,"href":"https:\/\/kitabluemli.ch\/en\/wp-json\/wp\/v2\/comments?post=12383"}],"version-history":[{"count":0,"href":"https:\/\/kitabluemli.ch\/en\/wp-json\/wp\/v2\/posts\/12383\/revisions"}],"wp:featuredmedia":[{"embeddable":true,"href":"https:\/\/kitabluemli.ch\/en\/wp-json\/wp\/v2\/media\/12384"}],"wp:attachment":[{"href":"https:\/\/kitabluemli.ch\/en\/wp-json\/wp\/v2\/media?parent=12383"}],"wp:term":[{"taxonomy":"category","embeddable":true,"href":"https:\/\/kitabluemli.ch\/en\/wp-json\/wp\/v2\/categories?post=12383"},{"taxonomy":"post_tag","embeddable":true,"href":"https:\/\/kitabluemli.ch\/en\/wp-json\/wp\/v2\/tags?post=12383"}],"curies":[{"name":"wp","href":"https:\/\/api.w.org\/{rel}","templated":true}]}}