{"id":12386,"date":"2024-09-26T11:48:22","date_gmt":"2024-09-26T09:48:22","guid":{"rendered":"https:\/\/eager-austin.188-34-163-140.plesk.page\/?p=12386"},"modified":"2024-09-26T11:48:22","modified_gmt":"2024-09-26T09:48:22","slug":"teich-erkunden","status":"publish","type":"post","link":"https:\/\/kitabluemli.ch\/en\/teich-erkunden\/","title":{"rendered":"Teich erkunden"},"content":{"rendered":"<p>Ein spannendes Abenteuer erwartete die Kinder, als sie sich aufmachten, einen versteckten Teich im Wald zu erkunden. Der Teich, umgeben von \u00fcppigem Gr\u00fcn und sanften Ger\u00e4uschen der Natur, bot eine faszinierende Entdeckungsreise f\u00fcr die kleinen Naturforscher.<\/p>\n<p>Mit grosser Neugier und einem Hauch von Aufregung liefen die Kinder entlang eines kleinen Pfades, der sie zum Teich f\u00fchrte. Die Betreuerinnen erkl\u00e4rten, dass Teiche wichtige Lebensr\u00e4ume f\u00fcr viele Pflanzen und Tiere sind. Gemeinsam beobachteten sie die Umgebung des Teiches und entdeckten dabei einige interessante Details.<\/p>\n<p>Am Ufer des Teiches fanden die Kinder viele spannende Dinge. Sie sahen kleine Fische, die im Wasser schwammen, und beobachteten vorsichtig die Libellen, die \u00fcber die Wasseroberfl\u00e4che flogen.<\/p>\n<p>Die Kinder lernten, wie wichtig es ist, Teiche zu sch\u00fctzen, damit die dort lebenden Tiere und Pflanzen weiterhin leben k\u00f6nnen.<\/p>\n<p>Der Besuch am Teich war ein lehrreicher und faszinierender Teil des Waldabenteuers.<\/p>","protected":false},"excerpt":{"rendered":"<p>Ein spannendes Abenteuer erwartete die Kinder, als sie sich aufmachten, einen versteckten Teich im Wald zu erkunden. Der Teich, umgeben von \u00fcppigem Gr\u00fcn und sanften Ger\u00e4uschen der Natur, bot eine faszinierende Entdeckungsreise f\u00fcr die kleinen Naturforscher. Mit grosser Neugier und einem Hauch von Aufregung liefen die Kinder entlang eines kleinen Pfades, der sie zum Teich [&hellip;]<\/p>\n","protected":false},"author":2,"featured_media":12387,"comment_status":"closed","ping_status":"closed","sticky":false,"template":"","format":"standard","meta":{"footnotes":""},"categories":[520],"tags":[],"class_list":["post-12386","post","type-post","status-publish","format-standard","has-post-thumbnail","hentry","category-waldkinderkrippe-blog"],"_links":{"self":[{"href":"https:\/\/kitabluemli.ch\/en\/wp-json\/wp\/v2\/posts\/12386","targetHints":{"allow":["GET"]}}],"collection":[{"href":"https:\/\/kitabluemli.ch\/en\/wp-json\/wp\/v2\/posts"}],"about":[{"href":"https:\/\/kitabluemli.ch\/en\/wp-json\/wp\/v2\/types\/post"}],"author":[{"embeddable":true,"href":"https:\/\/kitabluemli.ch\/en\/wp-json\/wp\/v2\/users\/2"}],"replies":[{"embeddable":true,"href":"https:\/\/kitabluemli.ch\/en\/wp-json\/wp\/v2\/comments?post=12386"}],"version-history":[{"count":0,"href":"https:\/\/kitabluemli.ch\/en\/wp-json\/wp\/v2\/posts\/12386\/revisions"}],"wp:featuredmedia":[{"embeddable":true,"href":"https:\/\/kitabluemli.ch\/en\/wp-json\/wp\/v2\/media\/12387"}],"wp:attachment":[{"href":"https:\/\/kitabluemli.ch\/en\/wp-json\/wp\/v2\/media?parent=12386"}],"wp:term":[{"taxonomy":"category","embeddable":true,"href":"https:\/\/kitabluemli.ch\/en\/wp-json\/wp\/v2\/categories?post=12386"},{"taxonomy":"post_tag","embeddable":true,"href":"https:\/\/kitabluemli.ch\/en\/wp-json\/wp\/v2\/tags?post=12386"}],"curies":[{"name":"wp","href":"https:\/\/api.w.org\/{rel}","templated":true}]}}