{"id":12447,"date":"2024-10-02T12:00:54","date_gmt":"2024-10-02T10:00:54","guid":{"rendered":"https:\/\/eager-austin.188-34-163-140.plesk.page\/?p=12447"},"modified":"2024-10-02T12:00:54","modified_gmt":"2024-10-02T10:00:54","slug":"verschnaufspause","status":"publish","type":"post","link":"https:\/\/kitabluemli.ch\/en\/verschnaufspause\/","title":{"rendered":"Verschnaufspause"},"content":{"rendered":"<p>Auf dem Weg zu einem neuen Waldabenteuer legten die Kinder eine kleine Pause ein. An einer gem\u00fctlichen Bank mitten im Gr\u00fcnen setzten sie sich f\u00fcr einen Moment, um sich auszuruhen und die frische Luft zu geniessen.<\/p>\n<p>Die Kinder nutzten die Gelegenheit, um ihre Eindr\u00fccke des bisherigen Spaziergangs miteinander zu teilen. Einige sprachen \u00fcber die V\u00f6gel, die sie unterwegs gesehen hatten, w\u00e4hrend andere sich auf die bevorstehenden Entdeckungen im Wald freuten.<\/p>\n<p>Die kurze Pause gab den Kindern nicht nur Zeit zum Ausruhen, sondern auch die M\u00f6glichkeit, die Natur in Ruhe zu geniessen, bevor das Abenteuer weiterging. Frisch erholt und voller Vorfreude setzten sie ihre Erkundungstour fort.<\/p>","protected":false},"excerpt":{"rendered":"<p>Auf dem Weg zu einem neuen Waldabenteuer legten die Kinder eine kleine Pause ein. An einer gem\u00fctlichen Bank mitten im Gr\u00fcnen setzten sie sich f\u00fcr einen Moment, um sich auszuruhen und die frische Luft zu geniessen. Die Kinder nutzten die Gelegenheit, um ihre Eindr\u00fccke des bisherigen Spaziergangs miteinander zu teilen. Einige sprachen \u00fcber die V\u00f6gel, [&hellip;]<\/p>\n","protected":false},"author":2,"featured_media":12449,"comment_status":"closed","ping_status":"closed","sticky":false,"template":"","format":"standard","meta":{"footnotes":""},"categories":[520],"tags":[],"class_list":["post-12447","post","type-post","status-publish","format-standard","has-post-thumbnail","hentry","category-waldkinderkrippe-blog"],"_links":{"self":[{"href":"https:\/\/kitabluemli.ch\/en\/wp-json\/wp\/v2\/posts\/12447","targetHints":{"allow":["GET"]}}],"collection":[{"href":"https:\/\/kitabluemli.ch\/en\/wp-json\/wp\/v2\/posts"}],"about":[{"href":"https:\/\/kitabluemli.ch\/en\/wp-json\/wp\/v2\/types\/post"}],"author":[{"embeddable":true,"href":"https:\/\/kitabluemli.ch\/en\/wp-json\/wp\/v2\/users\/2"}],"replies":[{"embeddable":true,"href":"https:\/\/kitabluemli.ch\/en\/wp-json\/wp\/v2\/comments?post=12447"}],"version-history":[{"count":0,"href":"https:\/\/kitabluemli.ch\/en\/wp-json\/wp\/v2\/posts\/12447\/revisions"}],"wp:featuredmedia":[{"embeddable":true,"href":"https:\/\/kitabluemli.ch\/en\/wp-json\/wp\/v2\/media\/12449"}],"wp:attachment":[{"href":"https:\/\/kitabluemli.ch\/en\/wp-json\/wp\/v2\/media?parent=12447"}],"wp:term":[{"taxonomy":"category","embeddable":true,"href":"https:\/\/kitabluemli.ch\/en\/wp-json\/wp\/v2\/categories?post=12447"},{"taxonomy":"post_tag","embeddable":true,"href":"https:\/\/kitabluemli.ch\/en\/wp-json\/wp\/v2\/tags?post=12447"}],"curies":[{"name":"wp","href":"https:\/\/api.w.org\/{rel}","templated":true}]}}