{"id":12462,"date":"2024-10-15T12:00:18","date_gmt":"2024-10-15T10:00:18","guid":{"rendered":"https:\/\/eager-austin.188-34-163-140.plesk.page\/?p=12462"},"modified":"2024-10-15T12:00:18","modified_gmt":"2024-10-15T10:00:18","slug":"tannenzapfen-suchen","status":"publish","type":"post","link":"https:\/\/kitabluemli.ch\/en\/tannenzapfen-suchen\/","title":{"rendered":"Tannenzapfen suchen"},"content":{"rendered":"<p>An einem frischen Morgen machten sich die Kinder auf den Weg in den Wald, um nach Tannenzapfen zu suchen. Mit wachsamen Augen und grosser Neugier durchstreiften sie das Gel\u00e4nde, auf der Suche nach den kleinen, schuppigen Sch\u00e4tzen am Boden.<\/p>\n<p>Die Kinder b\u00fcckten sich, schauten unter B\u00fcsche und sammelten fleissig die gefundenen Tannenzapfen ein. Sie waren begeistert, wie unterschiedlich die Zapfen aussahen \u2013 manche waren gross und schwer, andere klein und leicht. Die Betreuerinnen halfen dabei, die verschiedenen Formen und Strukturen zu vergleichen, und erkl\u00e4rten, wie Tannenzapfen entstehen und welche Rolle sie im Wald spielen.<\/p>\n<p>Die Suche nach Tannenzapfen war ein spannendes Erlebnis, bei dem die Kinder spielerisch die Natur erkundeten und ihre Umgebung mit neuen Augen sahen. Mit vollen H\u00e4nden und grosser Freude kehrten sie zur\u00fcck und freuten sich schon darauf, ihre gesammelten Sch\u00e4tze mit den anderen zu teilen.<\/p>","protected":false},"excerpt":{"rendered":"<p>An einem frischen Morgen machten sich die Kinder auf den Weg in den Wald, um nach Tannenzapfen zu suchen. Mit wachsamen Augen und grosser Neugier durchstreiften sie das Gel\u00e4nde, auf der Suche nach den kleinen, schuppigen Sch\u00e4tzen am Boden. Die Kinder b\u00fcckten sich, schauten unter B\u00fcsche und sammelten fleissig die gefundenen Tannenzapfen ein. Sie waren [&hellip;]<\/p>\n","protected":false},"author":2,"featured_media":12463,"comment_status":"closed","ping_status":"closed","sticky":false,"template":"","format":"standard","meta":{"footnotes":""},"categories":[520],"tags":[],"class_list":["post-12462","post","type-post","status-publish","format-standard","has-post-thumbnail","hentry","category-waldkinderkrippe-blog"],"_links":{"self":[{"href":"https:\/\/kitabluemli.ch\/en\/wp-json\/wp\/v2\/posts\/12462","targetHints":{"allow":["GET"]}}],"collection":[{"href":"https:\/\/kitabluemli.ch\/en\/wp-json\/wp\/v2\/posts"}],"about":[{"href":"https:\/\/kitabluemli.ch\/en\/wp-json\/wp\/v2\/types\/post"}],"author":[{"embeddable":true,"href":"https:\/\/kitabluemli.ch\/en\/wp-json\/wp\/v2\/users\/2"}],"replies":[{"embeddable":true,"href":"https:\/\/kitabluemli.ch\/en\/wp-json\/wp\/v2\/comments?post=12462"}],"version-history":[{"count":0,"href":"https:\/\/kitabluemli.ch\/en\/wp-json\/wp\/v2\/posts\/12462\/revisions"}],"wp:featuredmedia":[{"embeddable":true,"href":"https:\/\/kitabluemli.ch\/en\/wp-json\/wp\/v2\/media\/12463"}],"wp:attachment":[{"href":"https:\/\/kitabluemli.ch\/en\/wp-json\/wp\/v2\/media?parent=12462"}],"wp:term":[{"taxonomy":"category","embeddable":true,"href":"https:\/\/kitabluemli.ch\/en\/wp-json\/wp\/v2\/categories?post=12462"},{"taxonomy":"post_tag","embeddable":true,"href":"https:\/\/kitabluemli.ch\/en\/wp-json\/wp\/v2\/tags?post=12462"}],"curies":[{"name":"wp","href":"https:\/\/api.w.org\/{rel}","templated":true}]}}