{"id":12472,"date":"2024-10-24T12:00:58","date_gmt":"2024-10-24T10:00:58","guid":{"rendered":"https:\/\/eager-austin.188-34-163-140.plesk.page\/?p=12472"},"modified":"2024-10-24T12:00:58","modified_gmt":"2024-10-24T10:00:58","slug":"blaetterwerfen","status":"publish","type":"post","link":"https:\/\/kitabluemli.ch\/en\/blaetterwerfen\/","title":{"rendered":"Bl\u00e4tterwerfen"},"content":{"rendered":"<p>Mitten im herbstlichen Wald entdeckten die Kinder ein besonderes Vergn\u00fcgen: Sie sammelten bunte Bl\u00e4tter vom Boden auf und warfen sie voller Freude in die Luft. Die rot-gelben Bl\u00e4tter tanzten wild durch die Luft, w\u00e4hrend die Kinder begeistert lachten und sich an der fr\u00f6hlichen Stimmung des Herbstes erfreuten. Es war ein Anblick voller Energie, als die Bl\u00e4tter in der klaren Luft umherwirbelten und sanft auf dem Boden landeten.<\/p>\n<p>Mit jedem neuen Wurf rannten die Kinder sofort wieder los, um noch mehr Bl\u00e4tter aufzusammeln. Sie entdeckten immer wieder neue, besonders grosse oder leuchtend bunte Exemplare und schienen unerm\u00fcdlich dabei, ihre Entdeckungen zu teilen. Die Betreuerinnen begleiteten das Spiel und erz\u00e4hlten den Kindern nebenbei vom Kreislauf der Natur \u2013 wie die Bl\u00e4tter von den B\u00e4umen fallen und der Wald sich f\u00fcr den Winter vorbereitet.<\/p>\n<p>Dieser spielerische Moment gab den Kindern die Gelegenheit, die Natur mit allen Sinnen zu erleben. Sie lernten, wie sich die Jahreszeiten ver\u00e4ndern, und konnten die kleinen Wunder des Herbstes hautnah sp\u00fcren. Ein Tag, der mit Lachen und bunten Bl\u00e4ttern in Erinnerung bleibt.<\/p>","protected":false},"excerpt":{"rendered":"<p>Mitten im herbstlichen Wald entdeckten die Kinder ein besonderes Vergn\u00fcgen: Sie sammelten bunte Bl\u00e4tter vom Boden auf und warfen sie voller Freude in die Luft. Die rot-gelben Bl\u00e4tter tanzten wild durch die Luft, w\u00e4hrend die Kinder begeistert lachten und sich an der fr\u00f6hlichen Stimmung des Herbstes erfreuten. Es war ein Anblick voller Energie, als die [&hellip;]<\/p>\n","protected":false},"author":2,"featured_media":12473,"comment_status":"closed","ping_status":"closed","sticky":false,"template":"","format":"standard","meta":{"footnotes":""},"categories":[520],"tags":[],"class_list":["post-12472","post","type-post","status-publish","format-standard","has-post-thumbnail","hentry","category-waldkinderkrippe-blog"],"_links":{"self":[{"href":"https:\/\/kitabluemli.ch\/en\/wp-json\/wp\/v2\/posts\/12472","targetHints":{"allow":["GET"]}}],"collection":[{"href":"https:\/\/kitabluemli.ch\/en\/wp-json\/wp\/v2\/posts"}],"about":[{"href":"https:\/\/kitabluemli.ch\/en\/wp-json\/wp\/v2\/types\/post"}],"author":[{"embeddable":true,"href":"https:\/\/kitabluemli.ch\/en\/wp-json\/wp\/v2\/users\/2"}],"replies":[{"embeddable":true,"href":"https:\/\/kitabluemli.ch\/en\/wp-json\/wp\/v2\/comments?post=12472"}],"version-history":[{"count":0,"href":"https:\/\/kitabluemli.ch\/en\/wp-json\/wp\/v2\/posts\/12472\/revisions"}],"wp:featuredmedia":[{"embeddable":true,"href":"https:\/\/kitabluemli.ch\/en\/wp-json\/wp\/v2\/media\/12473"}],"wp:attachment":[{"href":"https:\/\/kitabluemli.ch\/en\/wp-json\/wp\/v2\/media?parent=12472"}],"wp:term":[{"taxonomy":"category","embeddable":true,"href":"https:\/\/kitabluemli.ch\/en\/wp-json\/wp\/v2\/categories?post=12472"},{"taxonomy":"post_tag","embeddable":true,"href":"https:\/\/kitabluemli.ch\/en\/wp-json\/wp\/v2\/tags?post=12472"}],"curies":[{"name":"wp","href":"https:\/\/api.w.org\/{rel}","templated":true}]}}