{"id":12475,"date":"2024-10-27T12:00:40","date_gmt":"2024-10-27T11:00:40","guid":{"rendered":"https:\/\/eager-austin.188-34-163-140.plesk.page\/?p=12475"},"modified":"2024-10-27T12:00:40","modified_gmt":"2024-10-27T11:00:40","slug":"kindergeburtstag-2","status":"publish","type":"post","link":"https:\/\/kitabluemli.ch\/en\/kindergeburtstag-2\/","title":{"rendered":"Kindergeburtstag"},"content":{"rendered":"<p>Heute stand eine fr\u00f6hliche Geburtstagsfeier an! Das Geburtstagskind wurde mit einem grossen L\u00e4cheln empfangen, w\u00e4hrend alle Kinder voller Vorfreude um den Tisch sassen. Der mitgebrachte Kuchen, bunt dekoriert und verziert, wartete darauf, gemeinsam genossen zu werden.<\/p>\n<p>Bevor es jedoch an den Kuchen ging, sangen alle zusammen ein Geburtstagslied. Mit strahlenden Augen durfte das Geburtstagskind die Kerzen ausblasen, begleitet von lautem Jubel und Applaus. Ein kleines Geschenk von der Krippe folgte und sorgte f\u00fcr eine freudige \u00dcberraschung.<\/p>\n<p>Nach der leckeren St\u00e4rkung spielten die Kinder gemeinsam weiter, lachten und freuten sich \u00fcber die besonderen Momente, die sie miteinander teilen durften. Es war ein rundum gelungener Tag, an dem sich alle \u00fcber die Feier freuten.<\/p>","protected":false},"excerpt":{"rendered":"<p>Heute stand eine fr\u00f6hliche Geburtstagsfeier an! Das Geburtstagskind wurde mit einem grossen L\u00e4cheln empfangen, w\u00e4hrend alle Kinder voller Vorfreude um den Tisch sassen. Der mitgebrachte Kuchen, bunt dekoriert und verziert, wartete darauf, gemeinsam genossen zu werden. Bevor es jedoch an den Kuchen ging, sangen alle zusammen ein Geburtstagslied. Mit strahlenden Augen durfte das Geburtstagskind die [&hellip;]<\/p>\n","protected":false},"author":2,"featured_media":12476,"comment_status":"closed","ping_status":"closed","sticky":false,"template":"","format":"standard","meta":{"footnotes":""},"categories":[519],"tags":[],"class_list":["post-12475","post","type-post","status-publish","format-standard","has-post-thumbnail","hentry","category-kinderkrippe-blog"],"_links":{"self":[{"href":"https:\/\/kitabluemli.ch\/en\/wp-json\/wp\/v2\/posts\/12475","targetHints":{"allow":["GET"]}}],"collection":[{"href":"https:\/\/kitabluemli.ch\/en\/wp-json\/wp\/v2\/posts"}],"about":[{"href":"https:\/\/kitabluemli.ch\/en\/wp-json\/wp\/v2\/types\/post"}],"author":[{"embeddable":true,"href":"https:\/\/kitabluemli.ch\/en\/wp-json\/wp\/v2\/users\/2"}],"replies":[{"embeddable":true,"href":"https:\/\/kitabluemli.ch\/en\/wp-json\/wp\/v2\/comments?post=12475"}],"version-history":[{"count":0,"href":"https:\/\/kitabluemli.ch\/en\/wp-json\/wp\/v2\/posts\/12475\/revisions"}],"wp:featuredmedia":[{"embeddable":true,"href":"https:\/\/kitabluemli.ch\/en\/wp-json\/wp\/v2\/media\/12476"}],"wp:attachment":[{"href":"https:\/\/kitabluemli.ch\/en\/wp-json\/wp\/v2\/media?parent=12475"}],"wp:term":[{"taxonomy":"category","embeddable":true,"href":"https:\/\/kitabluemli.ch\/en\/wp-json\/wp\/v2\/categories?post=12475"},{"taxonomy":"post_tag","embeddable":true,"href":"https:\/\/kitabluemli.ch\/en\/wp-json\/wp\/v2\/tags?post=12475"}],"curies":[{"name":"wp","href":"https:\/\/api.w.org\/{rel}","templated":true}]}}