{"id":12478,"date":"2024-10-30T12:00:49","date_gmt":"2024-10-30T11:00:49","guid":{"rendered":"https:\/\/eager-austin.188-34-163-140.plesk.page\/?p=12478"},"modified":"2024-10-30T12:00:49","modified_gmt":"2024-10-30T11:00:49","slug":"den-bach-beobachten","status":"publish","type":"post","link":"https:\/\/kitabluemli.ch\/en\/den-bach-beobachten\/","title":{"rendered":"Den Bach beobachten"},"content":{"rendered":"<p>W\u00e4hrend eines Ausflugs in den Wald entdeckten die Kinder einen kleinen Bach. Fasziniert sammelten sie sich am Ufer und beobachteten das glitzernde Wasser, das sanft \u00fcber Steine und \u00c4ste floss. Sie staunten dar\u00fcber, wie die Str\u00f6mung kleine Bl\u00e4tter und Zweige mit sich trug.<\/p>\n<p>Die Kinder knieten sich hin, um das Pl\u00e4tschern des Wassers zu h\u00f6ren und entdeckten dabei kleine Fische und Insekten, die sich im Wasser tummelten. Mit neugierigen Fragen wandten sie sich an die Betreuerinnen, die ihnen erkl\u00e4rten, wie wichtig das Wasser f\u00fcr die Tiere und Pflanzen im Wald ist.<\/p>\n<p>Dieser Moment am Bach bot den Kindern die M\u00f6glichkeit, die Natur hautnah zu erleben und mehr \u00fcber den Lebensraum Wasser zu lernen. Es war ein friedlicher und lehrreicher Augenblick, der die Neugier der Kinder weckte und ihnen zeigte, wie lebendig die Natur um sie herum ist.<\/p>","protected":false},"excerpt":{"rendered":"<p>W\u00e4hrend eines Ausflugs in den Wald entdeckten die Kinder einen kleinen Bach. Fasziniert sammelten sie sich am Ufer und beobachteten das glitzernde Wasser, das sanft \u00fcber Steine und \u00c4ste floss. Sie staunten dar\u00fcber, wie die Str\u00f6mung kleine Bl\u00e4tter und Zweige mit sich trug. Die Kinder knieten sich hin, um das Pl\u00e4tschern des Wassers zu h\u00f6ren [&hellip;]<\/p>\n","protected":false},"author":2,"featured_media":12479,"comment_status":"closed","ping_status":"closed","sticky":false,"template":"","format":"standard","meta":{"footnotes":""},"categories":[520],"tags":[],"class_list":["post-12478","post","type-post","status-publish","format-standard","has-post-thumbnail","hentry","category-waldkinderkrippe-blog"],"_links":{"self":[{"href":"https:\/\/kitabluemli.ch\/en\/wp-json\/wp\/v2\/posts\/12478","targetHints":{"allow":["GET"]}}],"collection":[{"href":"https:\/\/kitabluemli.ch\/en\/wp-json\/wp\/v2\/posts"}],"about":[{"href":"https:\/\/kitabluemli.ch\/en\/wp-json\/wp\/v2\/types\/post"}],"author":[{"embeddable":true,"href":"https:\/\/kitabluemli.ch\/en\/wp-json\/wp\/v2\/users\/2"}],"replies":[{"embeddable":true,"href":"https:\/\/kitabluemli.ch\/en\/wp-json\/wp\/v2\/comments?post=12478"}],"version-history":[{"count":0,"href":"https:\/\/kitabluemli.ch\/en\/wp-json\/wp\/v2\/posts\/12478\/revisions"}],"wp:featuredmedia":[{"embeddable":true,"href":"https:\/\/kitabluemli.ch\/en\/wp-json\/wp\/v2\/media\/12479"}],"wp:attachment":[{"href":"https:\/\/kitabluemli.ch\/en\/wp-json\/wp\/v2\/media?parent=12478"}],"wp:term":[{"taxonomy":"category","embeddable":true,"href":"https:\/\/kitabluemli.ch\/en\/wp-json\/wp\/v2\/categories?post=12478"},{"taxonomy":"post_tag","embeddable":true,"href":"https:\/\/kitabluemli.ch\/en\/wp-json\/wp\/v2\/tags?post=12478"}],"curies":[{"name":"wp","href":"https:\/\/api.w.org\/{rel}","templated":true}]}}