{"id":12484,"date":"2024-11-05T12:00:19","date_gmt":"2024-11-05T11:00:19","guid":{"rendered":"https:\/\/eager-austin.188-34-163-140.plesk.page\/?p=12484"},"modified":"2024-11-05T12:00:19","modified_gmt":"2024-11-05T11:00:19","slug":"kinder-erkunden-den-wald-selbststaendig","status":"publish","type":"post","link":"https:\/\/kitabluemli.ch\/en\/kinder-erkunden-den-wald-selbststaendig\/","title":{"rendered":"Kinder erkunden den Wald selbstst\u00e4ndig"},"content":{"rendered":"<p>Bei einem spannenden Ausflug in den Wald durften die Kinder die Umgebung selbstst\u00e4ndig erkunden. Mit neugierigen Blicken und viel Abenteuerlust liefen sie durch das Dickicht, hielten an, um Bl\u00e4tter, Zweige und Steine genauer zu betrachten, und lauschten den Ger\u00e4uschen der Natur.<\/p>\n<p>Jedes Kind fand seine eigenen kleinen Entdeckungen: Einige sammelten Tannenzapfen, w\u00e4hrend andere den weichen Moosboden unter ihren F\u00fcssen sp\u00fcrten oder den Wind in den Baumwipfeln beobachteten. Die Betreuerinnen blieben in der N\u00e4he, gaben den Kindern jedoch genug Raum, ihre eigenen Wege zu gehen und die Natur auf ihre ganz pers\u00f6nliche Weise zu erleben.<\/p>\n<p>Dieser Tag im Wald f\u00f6rderte nicht nur das Naturbewusstsein, sondern auch das Vertrauen in die eigenen F\u00e4higkeiten, w\u00e4hrend die Kinder mit wachsender Neugier die Welt um sich herum erforschten.<\/p>","protected":false},"excerpt":{"rendered":"<p>Bei einem spannenden Ausflug in den Wald durften die Kinder die Umgebung selbstst\u00e4ndig erkunden. Mit neugierigen Blicken und viel Abenteuerlust liefen sie durch das Dickicht, hielten an, um Bl\u00e4tter, Zweige und Steine genauer zu betrachten, und lauschten den Ger\u00e4uschen der Natur. Jedes Kind fand seine eigenen kleinen Entdeckungen: Einige sammelten Tannenzapfen, w\u00e4hrend andere den weichen [&hellip;]<\/p>\n","protected":false},"author":2,"featured_media":12485,"comment_status":"closed","ping_status":"closed","sticky":false,"template":"","format":"standard","meta":{"footnotes":""},"categories":[520],"tags":[],"class_list":["post-12484","post","type-post","status-publish","format-standard","has-post-thumbnail","hentry","category-waldkinderkrippe-blog"],"_links":{"self":[{"href":"https:\/\/kitabluemli.ch\/en\/wp-json\/wp\/v2\/posts\/12484","targetHints":{"allow":["GET"]}}],"collection":[{"href":"https:\/\/kitabluemli.ch\/en\/wp-json\/wp\/v2\/posts"}],"about":[{"href":"https:\/\/kitabluemli.ch\/en\/wp-json\/wp\/v2\/types\/post"}],"author":[{"embeddable":true,"href":"https:\/\/kitabluemli.ch\/en\/wp-json\/wp\/v2\/users\/2"}],"replies":[{"embeddable":true,"href":"https:\/\/kitabluemli.ch\/en\/wp-json\/wp\/v2\/comments?post=12484"}],"version-history":[{"count":0,"href":"https:\/\/kitabluemli.ch\/en\/wp-json\/wp\/v2\/posts\/12484\/revisions"}],"wp:featuredmedia":[{"embeddable":true,"href":"https:\/\/kitabluemli.ch\/en\/wp-json\/wp\/v2\/media\/12485"}],"wp:attachment":[{"href":"https:\/\/kitabluemli.ch\/en\/wp-json\/wp\/v2\/media?parent=12484"}],"wp:term":[{"taxonomy":"category","embeddable":true,"href":"https:\/\/kitabluemli.ch\/en\/wp-json\/wp\/v2\/categories?post=12484"},{"taxonomy":"post_tag","embeddable":true,"href":"https:\/\/kitabluemli.ch\/en\/wp-json\/wp\/v2\/tags?post=12484"}],"curies":[{"name":"wp","href":"https:\/\/api.w.org\/{rel}","templated":true}]}}