{"id":12492,"date":"2024-11-14T12:00:53","date_gmt":"2024-11-14T11:00:53","guid":{"rendered":"https:\/\/eager-austin.188-34-163-140.plesk.page\/?p=12492"},"modified":"2024-11-14T12:00:53","modified_gmt":"2024-11-14T11:00:53","slug":"ausflug-zur-juckerfarm","status":"publish","type":"post","link":"https:\/\/kitabluemli.ch\/en\/ausflug-zur-juckerfarm\/","title":{"rendered":"Ausflug zur Juckerfarm"},"content":{"rendered":"<p>Die Kinder erlebten einen besonderen Tag zum Ausflug auf der Juckerfarm, wo sie die ber\u00fchmte K\u00fcrbisausstellung bestaunen durften. \u00dcberall gab es grosse und kleine, runde und ovale K\u00fcrbisse in leuchtenden Farben zu sehen. Die Kinder waren fasziniert von den vielen Formen und entdeckten begeistert verschiedene Figuren, die aus den K\u00fcrbissen gestaltet waren.<\/p>\n<p>W\u00e4hrend des Rundgangs nahmen die Kinder sich Zeit, die beeindruckenden K\u00fcrbisfiguren genau zu betrachten. Die Betreuerinnen erz\u00e4hlten ihnen Geschichten zu den herbstlichen Figuren, und die Kinder konnten selbst erleben, wie vielseitig und bunt der Herbst ist. Es war ein wundersch\u00f6ner Tag voller Farben und Fantasie, der die herbstliche Stimmung und die Freude an der Natur mit allen Sinnen sp\u00fcren liess. \ud83c\udf83\ud83c\udf42<\/p>","protected":false},"excerpt":{"rendered":"<p>Die Kinder erlebten einen besonderen Tag zum Ausflug auf der Juckerfarm, wo sie die ber\u00fchmte K\u00fcrbisausstellung bestaunen durften. \u00dcberall gab es grosse und kleine, runde und ovale K\u00fcrbisse in leuchtenden Farben zu sehen. Die Kinder waren fasziniert von den vielen Formen und entdeckten begeistert verschiedene Figuren, die aus den K\u00fcrbissen gestaltet waren. W\u00e4hrend des Rundgangs [&hellip;]<\/p>\n","protected":false},"author":2,"featured_media":12493,"comment_status":"closed","ping_status":"closed","sticky":false,"template":"","format":"standard","meta":{"footnotes":""},"categories":[519],"tags":[],"class_list":["post-12492","post","type-post","status-publish","format-standard","has-post-thumbnail","hentry","category-kinderkrippe-blog"],"_links":{"self":[{"href":"https:\/\/kitabluemli.ch\/en\/wp-json\/wp\/v2\/posts\/12492","targetHints":{"allow":["GET"]}}],"collection":[{"href":"https:\/\/kitabluemli.ch\/en\/wp-json\/wp\/v2\/posts"}],"about":[{"href":"https:\/\/kitabluemli.ch\/en\/wp-json\/wp\/v2\/types\/post"}],"author":[{"embeddable":true,"href":"https:\/\/kitabluemli.ch\/en\/wp-json\/wp\/v2\/users\/2"}],"replies":[{"embeddable":true,"href":"https:\/\/kitabluemli.ch\/en\/wp-json\/wp\/v2\/comments?post=12492"}],"version-history":[{"count":0,"href":"https:\/\/kitabluemli.ch\/en\/wp-json\/wp\/v2\/posts\/12492\/revisions"}],"wp:featuredmedia":[{"embeddable":true,"href":"https:\/\/kitabluemli.ch\/en\/wp-json\/wp\/v2\/media\/12493"}],"wp:attachment":[{"href":"https:\/\/kitabluemli.ch\/en\/wp-json\/wp\/v2\/media?parent=12492"}],"wp:term":[{"taxonomy":"category","embeddable":true,"href":"https:\/\/kitabluemli.ch\/en\/wp-json\/wp\/v2\/categories?post=12492"},{"taxonomy":"post_tag","embeddable":true,"href":"https:\/\/kitabluemli.ch\/en\/wp-json\/wp\/v2\/tags?post=12492"}],"curies":[{"name":"wp","href":"https:\/\/api.w.org\/{rel}","templated":true}]}}