{"id":12508,"date":"2024-11-30T12:00:35","date_gmt":"2024-11-30T11:00:35","guid":{"rendered":"https:\/\/eager-austin.188-34-163-140.plesk.page\/?p=12508"},"modified":"2024-11-30T12:00:35","modified_gmt":"2024-11-30T11:00:35","slug":"blaetterbad","status":"publish","type":"post","link":"https:\/\/kitabluemli.ch\/en\/blaetterbad\/","title":{"rendered":"Bl\u00e4tterbad"},"content":{"rendered":"<p>Ein besonderes Highlight erwartete die Kinder im Wald: ein riesiges Bl\u00e4tterbad! Mit strahlenden Gesichtern und leuchtenden Augen rannten die Kleinen auf den grossen Haufen zusammengekehrter Herbstbl\u00e4tter zu.<\/p>\n<p>Mit einem mutigen Sprung st\u00fcrzten sie sich ins bunte Laub, w\u00e4hrend Bl\u00e4tter in allen Farben des Herbstes durch die Luft wirbelten. Es wurde gelacht, geh\u00fcpft und immer wieder neue Bl\u00e4tter gesammelt, um den Haufen noch gr\u00f6sser zu machen. Die Betreuerinnen beobachteten mit Freude, wie die Kinder sich voller Begeisterung in das Spiel vertieften und dabei die herbstliche Natur auf ihre ganz eigene Art entdeckten.<\/p>\n<p>Zwischendurch gab es kleine Pausen, in denen die Kinder stolz \u00fcber ihre Spr\u00fcnge sprachen und die bunten Bl\u00e4tter genauer betrachteten. Dieser Tag im Wald bot nicht nur jede Menge Spass, sondern liess die Kinder auch den Herbst mit allen Sinnen erleben.<\/p>","protected":false},"excerpt":{"rendered":"<p>Ein besonderes Highlight erwartete die Kinder im Wald: ein riesiges Bl\u00e4tterbad! Mit strahlenden Gesichtern und leuchtenden Augen rannten die Kleinen auf den grossen Haufen zusammengekehrter Herbstbl\u00e4tter zu. Mit einem mutigen Sprung st\u00fcrzten sie sich ins bunte Laub, w\u00e4hrend Bl\u00e4tter in allen Farben des Herbstes durch die Luft wirbelten. Es wurde gelacht, geh\u00fcpft und immer wieder [&hellip;]<\/p>\n","protected":false},"author":2,"featured_media":12509,"comment_status":"closed","ping_status":"closed","sticky":false,"template":"","format":"standard","meta":{"footnotes":""},"categories":[520],"tags":[],"class_list":["post-12508","post","type-post","status-publish","format-standard","has-post-thumbnail","hentry","category-waldkinderkrippe-blog"],"_links":{"self":[{"href":"https:\/\/kitabluemli.ch\/en\/wp-json\/wp\/v2\/posts\/12508","targetHints":{"allow":["GET"]}}],"collection":[{"href":"https:\/\/kitabluemli.ch\/en\/wp-json\/wp\/v2\/posts"}],"about":[{"href":"https:\/\/kitabluemli.ch\/en\/wp-json\/wp\/v2\/types\/post"}],"author":[{"embeddable":true,"href":"https:\/\/kitabluemli.ch\/en\/wp-json\/wp\/v2\/users\/2"}],"replies":[{"embeddable":true,"href":"https:\/\/kitabluemli.ch\/en\/wp-json\/wp\/v2\/comments?post=12508"}],"version-history":[{"count":0,"href":"https:\/\/kitabluemli.ch\/en\/wp-json\/wp\/v2\/posts\/12508\/revisions"}],"wp:featuredmedia":[{"embeddable":true,"href":"https:\/\/kitabluemli.ch\/en\/wp-json\/wp\/v2\/media\/12509"}],"wp:attachment":[{"href":"https:\/\/kitabluemli.ch\/en\/wp-json\/wp\/v2\/media?parent=12508"}],"wp:term":[{"taxonomy":"category","embeddable":true,"href":"https:\/\/kitabluemli.ch\/en\/wp-json\/wp\/v2\/categories?post=12508"},{"taxonomy":"post_tag","embeddable":true,"href":"https:\/\/kitabluemli.ch\/en\/wp-json\/wp\/v2\/tags?post=12508"}],"curies":[{"name":"wp","href":"https:\/\/api.w.org\/{rel}","templated":true}]}}