{"id":12511,"date":"2024-12-03T12:00:35","date_gmt":"2024-12-03T11:00:35","guid":{"rendered":"https:\/\/eager-austin.188-34-163-140.plesk.page\/?p=12511"},"modified":"2025-01-23T13:31:47","modified_gmt":"2025-01-23T12:31:47","slug":"gemeinsam-klettern","status":"publish","type":"post","link":"https:\/\/kitabluemli.ch\/en\/gemeinsam-klettern\/","title":{"rendered":"Gemeinsam Klettern"},"content":{"rendered":"<p>Die Kinder entdeckten mehrere Baumst\u00e4mme und machten daraus spontan ihren ganz pers\u00f6nlichen Kletterparcours. Mit grosser Begeisterung balancierten sie \u00fcber die St\u00e4mme, krochen hindurch oder kletterten vorsichtig hinauf.<\/p>\n<p>Jedes Kind fand seine eigene Herangehensweise und wurde dabei von seinen Freunden motiviert. Es war wundersch\u00f6n zu sehen, wie sie sich gegenseitig halfen und die Kleinen einander Tipps gaben oder einander die Hand reichten.<\/p>\n<p>Die Betreuerinnen sorgten daf\u00fcr, dass alle sicher blieben, und unterst\u00fctzten, wo es n\u00f6tig war. Doch der Stolz, die Baumst\u00e4mme selbstst\u00e4ndig zu meistern, war den Kindern anzusehen. Das gemeinsame Klettern st\u00e4rkte nicht nur ihre Motorik, sondern auch das Gruppengef\u00fchl des \u2013 ein echter Teamgeist-Moment!<\/p>\n<p>Dieser Tag im Wald zeigte wieder einmal, wie viel Freude die Natur bereitet und wie wichtig das Miteinander ist.<\/p>","protected":false},"excerpt":{"rendered":"<p>Die Kinder entdeckten mehrere Baumst\u00e4mme und machten daraus spontan ihren ganz pers\u00f6nlichen Kletterparcours. Mit grosser Begeisterung balancierten sie \u00fcber die St\u00e4mme, krochen hindurch oder kletterten vorsichtig hinauf. Jedes Kind fand seine eigene Herangehensweise und wurde dabei von seinen Freunden motiviert. Es war wundersch\u00f6n zu sehen, wie sie sich gegenseitig halfen und die Kleinen einander Tipps [&hellip;]<\/p>\n","protected":false},"author":2,"featured_media":12512,"comment_status":"closed","ping_status":"closed","sticky":false,"template":"","format":"standard","meta":{"footnotes":""},"categories":[520],"tags":[],"class_list":["post-12511","post","type-post","status-publish","format-standard","has-post-thumbnail","hentry","category-waldkinderkrippe-blog"],"_links":{"self":[{"href":"https:\/\/kitabluemli.ch\/en\/wp-json\/wp\/v2\/posts\/12511","targetHints":{"allow":["GET"]}}],"collection":[{"href":"https:\/\/kitabluemli.ch\/en\/wp-json\/wp\/v2\/posts"}],"about":[{"href":"https:\/\/kitabluemli.ch\/en\/wp-json\/wp\/v2\/types\/post"}],"author":[{"embeddable":true,"href":"https:\/\/kitabluemli.ch\/en\/wp-json\/wp\/v2\/users\/2"}],"replies":[{"embeddable":true,"href":"https:\/\/kitabluemli.ch\/en\/wp-json\/wp\/v2\/comments?post=12511"}],"version-history":[{"count":0,"href":"https:\/\/kitabluemli.ch\/en\/wp-json\/wp\/v2\/posts\/12511\/revisions"}],"wp:featuredmedia":[{"embeddable":true,"href":"https:\/\/kitabluemli.ch\/en\/wp-json\/wp\/v2\/media\/12512"}],"wp:attachment":[{"href":"https:\/\/kitabluemli.ch\/en\/wp-json\/wp\/v2\/media?parent=12511"}],"wp:term":[{"taxonomy":"category","embeddable":true,"href":"https:\/\/kitabluemli.ch\/en\/wp-json\/wp\/v2\/categories?post=12511"},{"taxonomy":"post_tag","embeddable":true,"href":"https:\/\/kitabluemli.ch\/en\/wp-json\/wp\/v2\/tags?post=12511"}],"curies":[{"name":"wp","href":"https:\/\/api.w.org\/{rel}","templated":true}]}}